{"id":225176,"date":"2025-09-01T21:44:25","date_gmt":"2025-09-02T00:44:25","guid":{"rendered":"https:\/\/corrientesdetarde.com\/?p=225176"},"modified":"2025-09-01T21:44:56","modified_gmt":"2025-09-02T00:44:56","slug":"valdes-encabezara-la-puesta-en-valor-del-centro-cultural-esquina","status":"publish","type":"post","link":"https:\/\/corrientesdetarde.com\/index.php\/actualidad\/valdes-encabezara-la-puesta-en-valor-del-centro-cultural-esquina\/","title":{"rendered":"Vald\u00e9s encabezar\u00e1 la puesta en valor del Centro Cultural Esquina"},"content":{"rendered":"\n<p>Este martes 2 de septiembre, el gobernador Gustavo Vald\u00e9s visitar\u00e1 la localidad de Esquina, donde a las 19:30 horas presidir\u00e1 el acto de puesta en valor del Centro Cultural \u201cEsquina\u201d. La actividad tendr\u00e1 lugar en la intersecci\u00f3n de avenida Bartolom\u00e9 Mitre y Benito Lamela, reafirmando el compromiso del Gobierno provincial con el fortalecimiento de los espacios culturales y comunitarios.<\/p>\n","protected":false},"excerpt":{"rendered":"<p>Este martes 2 de septiembre, el gobernador Gustavo Vald\u00e9s visitar\u00e1 la localidad de Esquina, donde a las 19:30 horas presidir\u00e1 el acto de puesta en valor del Centro Cultural \u201cEsquina\u201d.&hellip; <\/p>\n","protected":false},"author":4,"featured_media":225183,"comment_status":"closed","ping_status":"open","sticky":false,"template":"","format":"standard","meta":{"footnotes":""},"categories":[23],"tags":[],"class_list":["post-225176","post","type-post","status-publish","format-standard","has-post-thumbnail","hentry","category-actualidad"],"_links":{"self":[{"href":"https:\/\/corrientesdetarde.com\/index.php\/wp-json\/wp\/v2\/posts\/225176","targetHints":{"allow":["GET"]}}],"collection":[{"href":"https:\/\/corrientesdetarde.com\/index.php\/wp-json\/wp\/v2\/posts"}],"about":[{"href":"https:\/\/corrientesdetarde.com\/index.php\/wp-json\/wp\/v2\/types\/post"}],"author":[{"embeddable":true,"href":"https:\/\/corrientesdetarde.com\/index.php\/wp-json\/wp\/v2\/users\/4"}],"replies":[{"embeddable":true,"href":"https:\/\/corrientesdetarde.com\/index.php\/wp-json\/wp\/v2\/comments?post=225176"}],"version-history":[{"count":1,"href":"https:\/\/corrientesdetarde.com\/index.php\/wp-json\/wp\/v2\/posts\/225176\/revisions"}],"predecessor-version":[{"id":225184,"href":"https:\/\/corrientesdetarde.com\/index.php\/wp-json\/wp\/v2\/posts\/225176\/revisions\/225184"}],"wp:featuredmedia":[{"embeddable":true,"href":"https:\/\/corrientesdetarde.com\/index.php\/wp-json\/wp\/v2\/media\/225183"}],"wp:attachment":[{"href":"https:\/\/corrientesdetarde.com\/index.php\/wp-json\/wp\/v2\/media?parent=225176"}],"wp:term":[{"taxonomy":"category","embeddable":true,"href":"https:\/\/corrientesdetarde.com\/index.php\/wp-json\/wp\/v2\/categories?post=225176"},{"taxonomy":"post_tag","embeddable":true,"href":"https:\/\/corrientesdetarde.com\/index.php\/wp-json\/wp\/v2\/tags?post=225176"}],"curies":[{"name":"wp","href":"https:\/\/api.w.org\/{rel}","templated":true}]}}