{"id":225187,"date":"2025-09-01T23:16:20","date_gmt":"2025-09-02T02:16:20","guid":{"rendered":"https:\/\/corrientesdetarde.com\/?p=225187"},"modified":"2025-09-01T23:16:33","modified_gmt":"2025-09-02T02:16:33","slug":"los-saludos-del-arco-politico-para-juan-pablo-valdes-gobernador-electo-de-corrientes","status":"publish","type":"post","link":"https:\/\/corrientesdetarde.com\/index.php\/actualidad\/los-saludos-del-arco-politico-para-juan-pablo-valdes-gobernador-electo-de-corrientes\/","title":{"rendered":"Los saludos del arco pol\u00edtico para Juan Pablo Vald\u00e9s, gobernador electo de Corrientes"},"content":{"rendered":"\n<p>El candidato de Vamos Corrientes se impuso en primera vuelta con m\u00e1s del 50% de los votos. Desde el PRO y Provincias Unidas hasta referentes provinciales celebraron el resultado y destacaron la continuidad del proyecto oficialista.<\/p>\n\n\n\n<p>La victoria de Juan Pablo Vald\u00e9s en las elecciones provinciales de Corrientes gener\u00f3 una inmediata ola de felicitaciones desde distintos sectores del arco pol\u00edtico. El candidato de Vamos Corrientes, hermano del actual mandatario Gustavo Vald\u00e9s, se impuso en primera vuelta con m\u00e1s del 50% de los votos, dejando atr\u00e1s por una amplia diferencia al peronista Mart\u00edn Asc\u00faa, de Limpiar Corrientes.<\/p>\n\n\n\n<p>Pese a los inconvenientes con la web oficial de resultados, la tendencia qued\u00f3 clara desde temprano. Con apenas el 18% de las mesas escrutadas, el oficialismo celebr\u00f3 la victoria y referentes nacionales y provinciales comenzaron a saludar al flamante gobernador electo. En paralelo, Asc\u00faa sostuvo inicialmente que habr\u00eda balotaje, pero los n\u00fameros desmintieron esa posibilidad: qued\u00f3 a unos 30 puntos de distancia.<\/p>\n\n\n\n<p>La presencia de dirigentes en Corrientes reforz\u00f3 la legitimidad del triunfo. El gobernador chaque\u00f1o Leandro Zdero y el mendocino Alfredo Cornejo viajaron a la provincia y compartieron mensajes de apoyo. &#8220;Ac\u00e1 en Corrientes junto al gobernador electo Juan Pablo Vald\u00e9s y al amigo Gustavo Vald\u00e9s. Felicidades&#8221;, escribi\u00f3 Zdero en sus redes.<\/p>\n\n\n\n<p>Tambi\u00e9n se sumaron referentes de peso como Ricardo Colombi, ex gobernador y candidato de Encuentro por Corrientes, quien reconoci\u00f3 la derrota pasadas las 21:30 y felicit\u00f3 al oficialismo. Horas despu\u00e9s, el propio Gustavo Vald\u00e9s celebr\u00f3 la &#8220;contundencia&#8221; del resultado antes de la difusi\u00f3n oficial de los c\u00f3mputos.<\/p>\n\n\n\n<p>El PRO nacional acompa\u00f1\u00f3 con un comunicado en X (ex Twitter), donde destac\u00f3 que la ciudadan\u00eda &#8220;ratific\u00f3 en las urnas el camino de desarrollo, modernizaci\u00f3n y transformaci\u00f3n iniciado por Gustavo Vald\u00e9s&#8221;. En esa l\u00ednea, Jorge Macri, jefe de Gobierno porte\u00f1o, tambi\u00e9n envi\u00f3 su saludo: &#8220;A seguir transformando Corrientes con m\u00e1s fuerza que nunca&#8221;.<\/p>\n\n\n\n<p>Desde el espacio Provincias Unidas, del que forma parte el mandatario correntino, se pronunciaron el cordob\u00e9s Juan Schiaretti y el santafesino Maximiliano Pullaro. Schiaretti calific\u00f3 la victoria como &#8220;fruto de la capacidad dirigencial y del trabajo exitoso&#8221; de la actual gesti\u00f3n, mientras que Pullaro, impedido de viajar por la tormenta, destac\u00f3 que &#8220;Corrientes sigue de pie mostrando el camino con la enorme gesti\u00f3n de Gustavo Vald\u00e9s&#8221;.<\/p>\n\n\n\n<p>Cerca de la medianoche, se sum\u00f3 el l\u00edder del MID, Oscar Zago, quien particip\u00f3 en el b\u00fanker oficialista. &#8220;Para los desarrollistas, es un orgullo haber sido parte de este camino&#8221;, se\u00f1al\u00f3.<\/p>\n\n\n\n<p>El resultado, celebrado dentro y fuera de Corrientes, refuerza el proyecto pol\u00edtico que lidera el oficialismo provincial y consolida a Juan Pablo Vald\u00e9s como nuevo gobernador electo, con la promesa de continuidad en la gesti\u00f3n y el respaldo de un amplio espectro pol\u00edtico nacional.<\/p>\n","protected":false},"excerpt":{"rendered":"<p>El candidato de Vamos Corrientes se impuso en primera vuelta con m\u00e1s del 50% de los votos. Desde el PRO y Provincias Unidas hasta referentes provinciales celebraron el resultado y&hellip; <\/p>\n","protected":false},"author":4,"featured_media":225188,"comment_status":"closed","ping_status":"open","sticky":false,"template":"","format":"standard","meta":{"footnotes":""},"categories":[23,26],"tags":[],"class_list":["post-225187","post","type-post","status-publish","format-standard","has-post-thumbnail","hentry","category-actualidad","category-destacados"],"_links":{"self":[{"href":"https:\/\/corrientesdetarde.com\/index.php\/wp-json\/wp\/v2\/posts\/225187","targetHints":{"allow":["GET"]}}],"collection":[{"href":"https:\/\/corrientesdetarde.com\/index.php\/wp-json\/wp\/v2\/posts"}],"about":[{"href":"https:\/\/corrientesdetarde.com\/index.php\/wp-json\/wp\/v2\/types\/post"}],"author":[{"embeddable":true,"href":"https:\/\/corrientesdetarde.com\/index.php\/wp-json\/wp\/v2\/users\/4"}],"replies":[{"embeddable":true,"href":"https:\/\/corrientesdetarde.com\/index.php\/wp-json\/wp\/v2\/comments?post=225187"}],"version-history":[{"count":1,"href":"https:\/\/corrientesdetarde.com\/index.php\/wp-json\/wp\/v2\/posts\/225187\/revisions"}],"predecessor-version":[{"id":225189,"href":"https:\/\/corrientesdetarde.com\/index.php\/wp-json\/wp\/v2\/posts\/225187\/revisions\/225189"}],"wp:featuredmedia":[{"embeddable":true,"href":"https:\/\/corrientesdetarde.com\/index.php\/wp-json\/wp\/v2\/media\/225188"}],"wp:attachment":[{"href":"https:\/\/corrientesdetarde.com\/index.php\/wp-json\/wp\/v2\/media?parent=225187"}],"wp:term":[{"taxonomy":"category","embeddable":true,"href":"https:\/\/corrientesdetarde.com\/index.php\/wp-json\/wp\/v2\/categories?post=225187"},{"taxonomy":"post_tag","embeddable":true,"href":"https:\/\/corrientesdetarde.com\/index.php\/wp-json\/wp\/v2\/tags?post=225187"}],"curies":[{"name":"wp","href":"https:\/\/api.w.org\/{rel}","templated":true}]}}