{"id":225223,"date":"2025-09-02T09:08:50","date_gmt":"2025-09-02T12:08:50","guid":{"rendered":"https:\/\/corrientesdetarde.com\/?p=225223"},"modified":"2025-09-02T09:08:58","modified_gmt":"2025-09-02T12:08:58","slug":"tini-stoessel-sin-limites-en-su-vuelta-a-la-actuacion","status":"publish","type":"post","link":"https:\/\/corrientesdetarde.com\/index.php\/espectaculos\/tini-stoessel-sin-limites-en-su-vuelta-a-la-actuacion\/","title":{"rendered":"Tini Stoessel, sin l\u00edmites en su vuelta a la actuaci\u00f3n"},"content":{"rendered":"\n<p>Tini Stoessel atraviesa uno de los per\u00edodos m\u00e1s intensos y fruct\u00edferos de su carrera y vida personal. A los 28 a\u00f1os, la artista suma logros profesionales y decisiones que la consolidan como figura clave en la escena actual del espect\u00e1culo, consolidada como una de las artistas m\u00e1s importantes de su pa\u00eds y con una proyecci\u00f3n internacional que no tiene l\u00edmites.<\/p>\n\n\n\n<p><\/p>\n\n\n\n<p>La int\u00e9rprete de &#8220;Buenos Aires&#8221; regres\u00f3 recientemente a la ficci\u00f3n con el lanzamiento de Quebranto en Disney+, proyecto en el que act\u00faa junto a Jorge L\u00f3pez y Mart\u00edn Barba, y acumula ocho fechas agotadas de su espect\u00e1culo Futttura, que tendr\u00e1 lugar en Tecn\u00f3polis entre octubre y noviembre pr\u00f3ximo, y con el que emprender\u00e1 una gira internacional.<\/p>\n\n\n\n<p>Se trata de un espect\u00e1culo con un despliegue de tres escenarios en simult\u00e1neo, en los que la artista har\u00e1 una mirada retrospectiva por los momentos m\u00e1s destacados de su carrera. Una vez que d\u00e9 los shows en el pa\u00eds, anunciar\u00e1 los siguientes destinos de Futtura, que por ahora permanecen en secreto. Mientras tanto, ella celebra un momento personal que va m\u00e1s all\u00e1 de la venta de entradas y las reproducciones en las plataformas.<\/p>\n\n\n\n<p>En una entrevista reciente, la cantante reconoci\u00f3: &#8220;Me encuentro en una etapa de mucha plenitud y transformaci\u00f3n&#8221;, se\u00f1al\u00f3, en Telenoche (Eltrece) acerca de que siente que cada decisi\u00f3n que toma la acerca m\u00e1s a su propio eje. La artista desestim\u00f3 los rumores de mudanza permanente al exterior y confirm\u00f3 que sigue viviendo en Buenos Aires, con un proyecto personal que la tiene muy entusiasmada: &#8220;Amo vivir ac\u00e1. De hecho, me estoy haciendo mi primera casa y estoy muy emocionada porque voy a armarla desde cero&#8221;.<\/p>\n","protected":false},"excerpt":{"rendered":"<p>Tini Stoessel atraviesa uno de los per\u00edodos m\u00e1s intensos y fruct\u00edferos de su carrera y vida personal. A los 28 a\u00f1os, la artista suma logros profesionales y decisiones que la&hellip; <\/p>\n","protected":false},"author":1,"featured_media":225230,"comment_status":"closed","ping_status":"open","sticky":false,"template":"","format":"standard","meta":{"footnotes":""},"categories":[26,19],"tags":[],"class_list":["post-225223","post","type-post","status-publish","format-standard","has-post-thumbnail","hentry","category-destacados","category-espectaculos"],"_links":{"self":[{"href":"https:\/\/corrientesdetarde.com\/index.php\/wp-json\/wp\/v2\/posts\/225223","targetHints":{"allow":["GET"]}}],"collection":[{"href":"https:\/\/corrientesdetarde.com\/index.php\/wp-json\/wp\/v2\/posts"}],"about":[{"href":"https:\/\/corrientesdetarde.com\/index.php\/wp-json\/wp\/v2\/types\/post"}],"author":[{"embeddable":true,"href":"https:\/\/corrientesdetarde.com\/index.php\/wp-json\/wp\/v2\/users\/1"}],"replies":[{"embeddable":true,"href":"https:\/\/corrientesdetarde.com\/index.php\/wp-json\/wp\/v2\/comments?post=225223"}],"version-history":[{"count":1,"href":"https:\/\/corrientesdetarde.com\/index.php\/wp-json\/wp\/v2\/posts\/225223\/revisions"}],"predecessor-version":[{"id":225231,"href":"https:\/\/corrientesdetarde.com\/index.php\/wp-json\/wp\/v2\/posts\/225223\/revisions\/225231"}],"wp:featuredmedia":[{"embeddable":true,"href":"https:\/\/corrientesdetarde.com\/index.php\/wp-json\/wp\/v2\/media\/225230"}],"wp:attachment":[{"href":"https:\/\/corrientesdetarde.com\/index.php\/wp-json\/wp\/v2\/media?parent=225223"}],"wp:term":[{"taxonomy":"category","embeddable":true,"href":"https:\/\/corrientesdetarde.com\/index.php\/wp-json\/wp\/v2\/categories?post=225223"},{"taxonomy":"post_tag","embeddable":true,"href":"https:\/\/corrientesdetarde.com\/index.php\/wp-json\/wp\/v2\/tags?post=225223"}],"curies":[{"name":"wp","href":"https:\/\/api.w.org\/{rel}","templated":true}]}}