{"id":225224,"date":"2025-09-02T09:04:57","date_gmt":"2025-09-02T12:04:57","guid":{"rendered":"https:\/\/corrientesdetarde.com\/?p=225224"},"modified":"2025-09-02T09:05:09","modified_gmt":"2025-09-02T12:05:09","slug":"condenaron-a-6-anos-de-prision-a-un-hombre-por-abusar-de-una-amiga","status":"publish","type":"post","link":"https:\/\/corrientesdetarde.com\/index.php\/eventos\/condenaron-a-6-anos-de-prision-a-un-hombre-por-abusar-de-una-amiga\/","title":{"rendered":"Condenaron a 6 a\u00f1os de prisi\u00f3n a un hombre por abusar de una amiga"},"content":{"rendered":"\n<p>Este lunes 1 de septiembre de 2025, el Tribunal integrado el doctor Rom\u00e1n Facundo Esquivel en la presidencia y los vocales, doctor Ariel H\u00e9ctor Gustavo Azcona y la doctora Rosa Elizabeth Ascona, dio a conocer la sentencia de seis a\u00f1os de c\u00e1rcel para Maximiliano Rivas, imputado por el delito de abuso sexual con acceso carnal agravado, previsto y penado por el Art. 119 &nbsp;3er. p\u00e1rrafo del C.P.A., en calidad de autor material, art. 45, 40, y 41 del C.P.<\/p>\n\n\n\n<p>Intervinieron en la causa; la doctora Mar\u00eda Marta Correa por la Defensa, la doctora Mirta Liliana G\u00f3mez por la querella y el Fiscal del Tribunal, doctor Jorge Omar Semhan.<\/p>\n\n\n\n<p><strong>El hecho<\/strong><\/p>\n\n\n\n<p>El imputado y la v\u00edctima manten\u00edan una relaci\u00f3n de amistad. El hecho fue denunciado en agosto de 2018, luego de que la joven relatara que se sinti\u00f3 descompuesta tras compartir bebidas alcoh\u00f3licas con \u00e9l y otros amigos en el parque Camba Cu\u00e1.<\/p>\n\n\n\n<p>La denunciante se qued\u00f3 dormida totalmente vestida y, en ese contexto, el acusado habr\u00eda aprovechado la situaci\u00f3n para atacarla sexualmente.<\/p>\n","protected":false},"excerpt":{"rendered":"<p>Este lunes 1 de septiembre de 2025, el Tribunal integrado el doctor Rom\u00e1n Facundo Esquivel en la presidencia y los vocales, doctor Ariel H\u00e9ctor Gustavo Azcona y la doctora Rosa&hellip; <\/p>\n","protected":false},"author":1,"featured_media":221629,"comment_status":"closed","ping_status":"open","sticky":false,"template":"","format":"standard","meta":{"footnotes":""},"categories":[22],"tags":[],"class_list":["post-225224","post","type-post","status-publish","format-standard","has-post-thumbnail","hentry","category-eventos"],"_links":{"self":[{"href":"https:\/\/corrientesdetarde.com\/index.php\/wp-json\/wp\/v2\/posts\/225224","targetHints":{"allow":["GET"]}}],"collection":[{"href":"https:\/\/corrientesdetarde.com\/index.php\/wp-json\/wp\/v2\/posts"}],"about":[{"href":"https:\/\/corrientesdetarde.com\/index.php\/wp-json\/wp\/v2\/types\/post"}],"author":[{"embeddable":true,"href":"https:\/\/corrientesdetarde.com\/index.php\/wp-json\/wp\/v2\/users\/1"}],"replies":[{"embeddable":true,"href":"https:\/\/corrientesdetarde.com\/index.php\/wp-json\/wp\/v2\/comments?post=225224"}],"version-history":[{"count":1,"href":"https:\/\/corrientesdetarde.com\/index.php\/wp-json\/wp\/v2\/posts\/225224\/revisions"}],"predecessor-version":[{"id":225227,"href":"https:\/\/corrientesdetarde.com\/index.php\/wp-json\/wp\/v2\/posts\/225224\/revisions\/225227"}],"wp:featuredmedia":[{"embeddable":true,"href":"https:\/\/corrientesdetarde.com\/index.php\/wp-json\/wp\/v2\/media\/221629"}],"wp:attachment":[{"href":"https:\/\/corrientesdetarde.com\/index.php\/wp-json\/wp\/v2\/media?parent=225224"}],"wp:term":[{"taxonomy":"category","embeddable":true,"href":"https:\/\/corrientesdetarde.com\/index.php\/wp-json\/wp\/v2\/categories?post=225224"},{"taxonomy":"post_tag","embeddable":true,"href":"https:\/\/corrientesdetarde.com\/index.php\/wp-json\/wp\/v2\/tags?post=225224"}],"curies":[{"name":"wp","href":"https:\/\/api.w.org\/{rel}","templated":true}]}}