{"id":225236,"date":"2025-09-02T13:36:06","date_gmt":"2025-09-02T16:36:06","guid":{"rendered":"https:\/\/corrientesdetarde.com\/?p=225236"},"modified":"2025-09-02T13:36:37","modified_gmt":"2025-09-02T16:36:37","slug":"charla-sobre-conservacion-y-restauracion-en-el-museo-de-bellas-artes","status":"publish","type":"post","link":"https:\/\/corrientesdetarde.com\/index.php\/cultura\/charla-sobre-conservacion-y-restauracion-en-el-museo-de-bellas-artes\/","title":{"rendered":"Charla sobre conservaci\u00f3n y restauraci\u00f3n en el Museo de Bellas Artes"},"content":{"rendered":"\n<p>Este mi\u00e9rcoles 3 de septiembre, a las 20 continuar\u00e1 el ciclo de charlas en el Museo de Bellas Artes Dr. Juan Ram\u00f3n Vidal (San Juan 634), en el marco de una nueva impresi\u00f3n del \u201cCat\u00e1logo Razonado de las colecciones F\u00e9lix Bunge y Octavio G\u00f3mez\u201d. En esta oportunidad, la restauradora Elisa Mart\u00ednez disertar\u00e1 sobre \u201cConservaci\u00f3n y Restauraci\u00f3n\u201d.<\/p>\n\n\n\n<p>El Instituto de Cultura de Corrientes, encabezado por Beatriz Kunin, invita a la comunidad a asistir a la charla, a cargo de la especialista en restauraci\u00f3n. Una actividad que tendr\u00e1 acceso libre y gratuito.<\/p>\n\n\n\n<p>Previo a la charla, Elisa Mart\u00ednez record\u00f3 su extensa trayectoria. &#8220;Desde 1982, a\u00f1o que me inici\u00e9 como restauradora en el Museo de Bellas Artes &#8220;Juan Ram\u00f3n Vidal&#8221;, he tomado contacto con el patrimonio de esta instituci\u00f3n y, sobre todo, con aquellas que pertenecen al Legado &#8220;F\u00e9lix Bunge&#8221;. A\u00fan hoy, luego de haber pasado muchos a\u00f1os, puedo comprobar que el estado de conservaci\u00f3n de las mismas, en su mayor\u00eda, se hallan en \u00f3ptimas condiciones, sin deterioros de gravedad. Esto se debe a la toma de conciencia a trav\u00e9s del tiempo, y cambios en los criterios referidos a la conservaci\u00f3n general. Es acertado destacar que los bienes que conforman este legado son \u00fanicos e irrepetibles, valiosas obras, de prestigiosas firmas&#8221;.<\/p>\n\n\n\n<p>Se\u00f1al\u00f3 adem\u00e1s que &#8220;la preservaci\u00f3n de los bienes culturales en Corrientes ha evolucionado satisfactoriamente en los \u00faltimos a\u00f1os, tanto en los criterios generales de conservaci\u00f3n como tambi\u00e9n en lo referido al campo profesional. A pesar de valorar este crecimiento, considero que es de vital importancia continuar con la actualizaci\u00f3n, ya que a\u00fan hay mucho por hacer en materia de preservaci\u00f3n de nuestro rico y valioso patrimonio&#8221;.<\/p>\n\n\n\n<p>Sobre la expositora<\/p>\n\n\n\n<p>Elisa Mart\u00ednez es restauradora de bienes culturales, profesora en Artes Visuales y muse\u00f3loga. Se desempe\u00f1\u00f3 como responsable en el \u00e1rea Restauraci\u00f3n del Museo de Bellas Artes Doctor Juan Ram\u00f3n Vidal&#8221;, coordinadora t\u00e9cnica de la Diplomatura Universitaria en Conservaci\u00f3n y Restauraci\u00f3n FADYCC(UNNE).<\/p>\n\n\n\n<p>Se realizaron tareas de restauraci\u00f3n en Buenos Aires: Proyecto TAREA. Restauraci\u00f3n de pinturas e imaginer\u00eda siglos XVII y XVIII. Fundaci\u00f3n Antorchas. Programa de Recuperaci\u00f3n del Patrimonio, Ministerio de Econom\u00eda de la Naci\u00f3n. Proyecto Restauraci\u00f3n de Murales, Gobierno de la Ciudad de Buenos Aires. Restauraciones en: Teatro Col\u00f3n, MALBA, MAMBA, Universidad &#8220;Torcuato Di Tella&#8221;, Banco Ciudad de Buenos Aires. Tareas de restauraci\u00f3n en Corrientes: fachada Casa de Gobierno, Palacio Legislativo y Concejo Deliberante. Iglesias: San Francisco Solano, Smma. Cruz de los Milagros, Jes\u00fas Nazareno. Monumento a Carlos Mar\u00eda de Alvear, Teatro Juan de Vera. Tareas de restauraci\u00f3n en el NEA: Corrientes, Santa Ana, San Miguel, Ita Ibat\u00e9, Bella Vista, Saladas, Colonia Libertador, Loreto, Ca\u00e1 Cat\u00ed, San Roque, ACYAC Curuz\u00fa Cuati\u00e1.<\/p>\n\n\n\n<p>En Chaco: Fog\u00f3n de los Arrieros, Monumentos Plaza 25 de Mayo, Resistencia, MAC y MUBA. En Santa Fe. MAC Rafaela. Posee amplia experiencia laboral en pintura de caballete, imaginer\u00eda,ornatos en fachadas, murales y elementos ornamentales<\/p>\n\n\n\n<figure class=\"wp-block-image size-large\"><img loading=\"lazy\" decoding=\"async\" width=\"819\" height=\"1024\" src=\"https:\/\/corrientesdetarde.com\/wp-content\/uploads\/2025\/09\/image-44-819x1024.png\" alt=\"\" class=\"wp-image-225238\" srcset=\"https:\/\/corrientesdetarde.com\/wp-content\/uploads\/2025\/09\/image-44-819x1024.png 819w, https:\/\/corrientesdetarde.com\/wp-content\/uploads\/2025\/09\/image-44-240x300.png 240w, https:\/\/corrientesdetarde.com\/wp-content\/uploads\/2025\/09\/image-44-768x960.png 768w, https:\/\/corrientesdetarde.com\/wp-content\/uploads\/2025\/09\/image-44.png 1024w\" sizes=\"auto, (max-width: 819px) 100vw, 819px\" \/><\/figure>\n\n\n\n<figure class=\"wp-block-image size-full\"><img loading=\"lazy\" decoding=\"async\" width=\"699\" height=\"523\" src=\"https:\/\/corrientesdetarde.com\/wp-content\/uploads\/2025\/09\/image-45.png\" alt=\"\" class=\"wp-image-225237\" srcset=\"https:\/\/corrientesdetarde.com\/wp-content\/uploads\/2025\/09\/image-45.png 699w, https:\/\/corrientesdetarde.com\/wp-content\/uploads\/2025\/09\/image-45-300x224.png 300w\" sizes=\"auto, (max-width: 699px) 100vw, 699px\" \/><\/figure>\n","protected":false},"excerpt":{"rendered":"<p>Este mi\u00e9rcoles 3 de septiembre, a las 20 continuar\u00e1 el ciclo de charlas en el Museo de Bellas Artes Dr. Juan Ram\u00f3n Vidal (San Juan 634), en el marco de&hellip; <\/p>\n","protected":false},"author":8,"featured_media":225239,"comment_status":"closed","ping_status":"open","sticky":false,"template":"","format":"standard","meta":{"footnotes":""},"categories":[15],"tags":[],"class_list":["post-225236","post","type-post","status-publish","format-standard","has-post-thumbnail","hentry","category-cultura"],"_links":{"self":[{"href":"https:\/\/corrientesdetarde.com\/index.php\/wp-json\/wp\/v2\/posts\/225236","targetHints":{"allow":["GET"]}}],"collection":[{"href":"https:\/\/corrientesdetarde.com\/index.php\/wp-json\/wp\/v2\/posts"}],"about":[{"href":"https:\/\/corrientesdetarde.com\/index.php\/wp-json\/wp\/v2\/types\/post"}],"author":[{"embeddable":true,"href":"https:\/\/corrientesdetarde.com\/index.php\/wp-json\/wp\/v2\/users\/8"}],"replies":[{"embeddable":true,"href":"https:\/\/corrientesdetarde.com\/index.php\/wp-json\/wp\/v2\/comments?post=225236"}],"version-history":[{"count":1,"href":"https:\/\/corrientesdetarde.com\/index.php\/wp-json\/wp\/v2\/posts\/225236\/revisions"}],"predecessor-version":[{"id":225240,"href":"https:\/\/corrientesdetarde.com\/index.php\/wp-json\/wp\/v2\/posts\/225236\/revisions\/225240"}],"wp:featuredmedia":[{"embeddable":true,"href":"https:\/\/corrientesdetarde.com\/index.php\/wp-json\/wp\/v2\/media\/225239"}],"wp:attachment":[{"href":"https:\/\/corrientesdetarde.com\/index.php\/wp-json\/wp\/v2\/media?parent=225236"}],"wp:term":[{"taxonomy":"category","embeddable":true,"href":"https:\/\/corrientesdetarde.com\/index.php\/wp-json\/wp\/v2\/categories?post=225236"},{"taxonomy":"post_tag","embeddable":true,"href":"https:\/\/corrientesdetarde.com\/index.php\/wp-json\/wp\/v2\/tags?post=225236"}],"curies":[{"name":"wp","href":"https:\/\/api.w.org\/{rel}","templated":true}]}}