{"id":225274,"date":"2025-09-02T14:58:12","date_gmt":"2025-09-02T17:58:12","guid":{"rendered":"https:\/\/corrientesdetarde.com\/?p=225274"},"modified":"2025-09-02T14:58:26","modified_gmt":"2025-09-02T17:58:26","slug":"leo-messi-llego-a-la-argentina-con-un-look-total-black-y-un-bolso-de-lujo-cuanto-cuesta","status":"publish","type":"post","link":"https:\/\/corrientesdetarde.com\/index.php\/tendencias\/leo-messi-llego-a-la-argentina-con-un-look-total-black-y-un-bolso-de-lujo-cuanto-cuesta\/","title":{"rendered":"Leo Messi lleg\u00f3 a la Argentina con un look total black y un bolso de lujo: cu\u00e1nto cuesta"},"content":{"rendered":"\n<p>Aterriz\u00f3 en la Argentina para sumarse a la concentraci\u00f3n de la Selecci\u00f3n de cara a los partidos frente a Venezuela y Ecuador.<\/p>\n\n\n\n<p><strong>Lionel Messi\u00a0<\/strong>aterriz\u00f3 en la Argentina para sumarse a la concentraci\u00f3n de la Selecci\u00f3n de cara a los partidos frente a\u00a0<strong>Venezuela y Ecuador<\/strong>, y lo hizo con un\u00a0<strong>look total<\/strong><em><strong>\u00a0black<\/strong><\/em>que no pas\u00f3 desapercibido en las redes sociales.<\/p>\n\n\n\n<p>El capit\u00e1n eligi\u00f3 un conjunto completamente negro compuesto por un&nbsp;<strong>pantal\u00f3n holgado de corte recto<\/strong>, combinado con una<strong>&nbsp;camisa negra<\/strong>&nbsp;y una&nbsp;<strong>chaqueta en la misma gama<\/strong>, de silueta relajada y bolsillos amplios al frente.<\/p>\n\n\n\n<p>En los pies, opt\u00f3 por unas&nbsp;<strong>zapatillas negras&nbsp;<\/strong>con las cl\u00e1sicas tres tiras blancas de&nbsp;<em>Adidas<\/em>, aportando un detalle deportivo al&nbsp;<em>outfit<\/em>.<\/p>\n\n\n\n<figure class=\"wp-block-image\"><img decoding=\"async\" src=\"https:\/\/tn.com.ar\/resizer\/v2\/leo-messi-en-total-black-foto-xargentina-6ZA6ELWOQBGZHEUDX2ISPZNKJ4.jpeg?auth=5363942cc4fb9067db4e24c02dc3700500280626c598b11c70b885e83533de8c&amp;width=767\" alt=\"Leo Messi en total black. (Foto: X\/@argentina).\"\/><\/figure>\n\n\n\n<h2 class=\"wp-block-heading\">Cu\u00e1nto cuesta el bolso que luci\u00f3 Lionel Messi<\/h2>\n\n\n\n<p>El gran protagonista de su llegada, sin embargo, fue el bolso que llev\u00f3 en la mano: un modelo de lujo en color&nbsp;<strong>gris claro con detalles en negro<\/strong>, de dise\u00f1o estructurado y&nbsp;<strong>herrajes met\u00e1licos<\/strong>, perteneciente a la exclusiva firma&nbsp;<strong>Herm\u00e8s<\/strong>.<\/p>\n\n\n\n<p>\u00bfEl precio de este accesorio? Nada m\u00e1s ni nada menos que&nbsp;<strong>99.000 d\u00f3lares<\/strong>.<\/p>\n\n\n\n<figure class=\"wp-block-image is-resized\"><img decoding=\"async\" src=\"https:\/\/tn.com.ar\/resizer\/v2\/el-bolso-de-leo-messi-foto-web-1stdibs-RETOHSTOFRGS7F75PZHDFK46VA.JPG?auth=1e67fa196e47d099367913f1c04ec6c582ea97af4c1f32ffce076e08ebd353cc&amp;width=767\" alt=\"El bolso de Leo Messi. (Foto: Web 1stdibs).\" style=\"width:767px;height:auto\"\/><\/figure>\n\n\n\n<p>Nuevamente, Messi volvi\u00f3 a demostrar que su estilo fuera de la cancha tambi\u00e9n marca tendencia y, aunque sobrio, este look tambi\u00e9n llam\u00f3 la atenci\u00f3n .<\/p>\n","protected":false},"excerpt":{"rendered":"<p>Aterriz\u00f3 en la Argentina para sumarse a la concentraci\u00f3n de la Selecci\u00f3n de cara a los partidos frente a Venezuela y Ecuador. Lionel Messi\u00a0aterriz\u00f3 en la Argentina para sumarse a&hellip; <\/p>\n","protected":false},"author":8,"featured_media":225275,"comment_status":"closed","ping_status":"open","sticky":false,"template":"","format":"standard","meta":{"footnotes":""},"categories":[28],"tags":[],"class_list":["post-225274","post","type-post","status-publish","format-standard","has-post-thumbnail","hentry","category-tendencias"],"_links":{"self":[{"href":"https:\/\/corrientesdetarde.com\/index.php\/wp-json\/wp\/v2\/posts\/225274","targetHints":{"allow":["GET"]}}],"collection":[{"href":"https:\/\/corrientesdetarde.com\/index.php\/wp-json\/wp\/v2\/posts"}],"about":[{"href":"https:\/\/corrientesdetarde.com\/index.php\/wp-json\/wp\/v2\/types\/post"}],"author":[{"embeddable":true,"href":"https:\/\/corrientesdetarde.com\/index.php\/wp-json\/wp\/v2\/users\/8"}],"replies":[{"embeddable":true,"href":"https:\/\/corrientesdetarde.com\/index.php\/wp-json\/wp\/v2\/comments?post=225274"}],"version-history":[{"count":1,"href":"https:\/\/corrientesdetarde.com\/index.php\/wp-json\/wp\/v2\/posts\/225274\/revisions"}],"predecessor-version":[{"id":225276,"href":"https:\/\/corrientesdetarde.com\/index.php\/wp-json\/wp\/v2\/posts\/225274\/revisions\/225276"}],"wp:featuredmedia":[{"embeddable":true,"href":"https:\/\/corrientesdetarde.com\/index.php\/wp-json\/wp\/v2\/media\/225275"}],"wp:attachment":[{"href":"https:\/\/corrientesdetarde.com\/index.php\/wp-json\/wp\/v2\/media?parent=225274"}],"wp:term":[{"taxonomy":"category","embeddable":true,"href":"https:\/\/corrientesdetarde.com\/index.php\/wp-json\/wp\/v2\/categories?post=225274"},{"taxonomy":"post_tag","embeddable":true,"href":"https:\/\/corrientesdetarde.com\/index.php\/wp-json\/wp\/v2\/tags?post=225274"}],"curies":[{"name":"wp","href":"https:\/\/api.w.org\/{rel}","templated":true}]}}