{"id":225302,"date":"2025-09-02T16:28:48","date_gmt":"2025-09-02T19:28:48","guid":{"rendered":"https:\/\/corrientesdetarde.com\/?p=225302"},"modified":"2025-09-02T16:28:51","modified_gmt":"2025-09-02T19:28:51","slug":"la-maraton-de-sidney-estreno-su-titulo-de-majors-con-35-mil-runners-y-kipchoge-que-cobro-un-millon-de-euros","status":"publish","type":"post","link":"https:\/\/corrientesdetarde.com\/index.php\/deportes\/la-maraton-de-sidney-estreno-su-titulo-de-majors-con-35-mil-runners-y-kipchoge-que-cobro-un-millon-de-euros\/","title":{"rendered":"La Marat\u00f3n de Sidney estren\u00f3 su t\u00edtulo de Majors con 35 mil runners y Kipchoge, que cobr\u00f3 un mill\u00f3n de euros"},"content":{"rendered":"\n<p>El evento ahora forma parte del m\u00e1s importante circuito internacional.<\/p>\n\n\n\n<p>La&nbsp;<strong>Marat\u00f3n de S\u00eddney<\/strong>&nbsp;<strong>ya forma parte del circuito internacional de pruebas de 42k Majors,<\/strong>&nbsp;y estren\u00f3 ese logro con la participaci\u00f3n de m\u00e1s de 35 mil runners.<\/p>\n\n\n\n<p>Las calles de la ciudad australiana se vieron colmadas de corredores\u00a0amateurs, adem\u00e1s de destacarse la\u00a0<strong>presencia del legendario atleta keniano Eliud\u00a0Kipchoge, que cobr\u00f3 un mill\u00f3n de euros por estar en la l\u00ednea de largada.<\/strong><\/p>\n\n\n\n<p>Adem\u00e1s,<strong>&nbsp;tambi\u00e9n estuvo la neerlandesa Sifan Hassan, ganadora del oro ol\u00edmpico en Par\u00eds 2024,&nbsp;<\/strong>que se hizo cargo del cartel de candidata y se qued\u00f3 con la victoria.<\/p>\n\n\n\n<h2 class=\"wp-block-heading\">Una experiencia \u00fanica<\/h2>\n\n\n\n<p>La<strong>&nbsp;periodista Lourdes Aguiar<\/strong>, amante del running, viaj\u00f3 acompa\u00f1ada por su esposo Walter Rodr\u00edguez a Australia para participar del evento y describi\u00f3 a la marat\u00f3n como&nbsp;<strong>\u201cuna experiencia inolvidable\u201d.<\/strong><\/p>\n\n\n\n<p><strong>\u201cEst\u00e1n haciendo historia\u201d remarcaba el conductor<\/strong>; haciendo hincapi\u00e9 en que est\u00e1bamos participando en la primera edici\u00f3n de esta marat\u00f3n siendo la s\u00e9ptima Major&#8221;, sostuvo la periodista runner.<\/p>\n\n\n\n<figure class=\"wp-block-image\"><img decoding=\"async\" src=\"https:\/\/tn.com.ar\/resizer\/v2\/lourdes-aguiar-sumo-una-nueva-maraton-en-su-trayectoria-foto-lourdes-aguiar-ZCE645N2B5GBJNCPIHOCXPP65I.jpeg?auth=b4c8b4c70787f6cdc52422ad73cf687ae6f1a109f6efac30bee42bb230b95b0a&amp;width=767\" alt=\"Lourdes Aguiar sum\u00f3 una nueva marat\u00f3n en su trayectoria. (Foto: Lourdes Aguiar).\"\/><\/figure>\n\n\n\n<p>A su vez, expres\u00f3: \u201cMientras otros dos destinos como Ciudad del Cabo y Shangh\u00e1i se perfilan para formar parte del medall\u00f3n de nueve Majors, yo miro mi hermosa medalla plateada, satisfecha. Fui parte de una marat\u00f3n hist\u00f3rica.&nbsp;<strong>Mi medalla n\u00famero 22 en la distancia&#8221;.<\/strong><\/p>\n\n\n\n<h2 class=\"wp-block-heading\">El \u201cGaucho Runner\u201d, el argentino m\u00e1s r\u00e1pido<\/h2>\n\n\n\n<p>El atleta de Chacabuco&nbsp;<strong>Lucas B\u00e1ez<\/strong>, m\u00e1s conocido como el&nbsp;<strong>\u201cGaucho Runner\u201d&nbsp;<\/strong>por su costumbre de correr con una boina,&nbsp;<strong>fue el argentino m\u00e1s veloz de la prueba.<\/strong><\/p>\n\n\n\n<p>Con un registro de 2 horas y 28 minutos exactos, B\u00e1ez&nbsp;<strong>sum\u00f3 as\u00ed su s\u00e9ptima medalla en maratones Majors,<\/strong>&nbsp;junto con Boston, Chicago, Nueva York, Londres, Berl\u00edn y Tokio, siendo uno de los cuatro mil corredores en la misma situaci\u00f3n.<\/p>\n\n\n\n<p>Atleta entrenado por Marcelo Perotti en Correr Ayuda y federado por FCmax,&nbsp;<strong>recientemente particip\u00f3 en la media marat\u00f3n de Buenos Aires<\/strong>&nbsp;y se espera que tambi\u00e9n sea parte de la start list en los 42k.<\/p>\n\n\n\n<figure class=\"wp-block-image\"><img decoding=\"async\" src=\"https:\/\/tn.com.ar\/resizer\/v2\/lucas-baez-fue-el-argentino-mas-veloz-en-la-maraton-de-sidney-foto-daniel-soprano-V5INYPDIT5HG5J2464ZPMEFBL4.jpg?auth=385bfe0ba8d376738051fe4401b4441f6c0a0657b3f0993db15e364053f97934&amp;width=767\" alt=\"Lucas B\u00e1ez fue el argentino m\u00e1s veloz en la Marat\u00f3n de S\u00eddney. (Foto: Daniel Soprano).\"\/><\/figure>\n\n\n\n<h2 class=\"wp-block-heading\">La marat\u00f3n de Buenos Aires, en el horizonte<\/h2>\n\n\n\n<p>Restan menos de tres semanas para la realizaci\u00f3n de la&nbsp;<strong>Marat\u00f3n de Buenos Aires<\/strong>, la prueba de 42k m\u00e1s convocante del pa\u00eds.<\/p>\n\n\n\n<p><strong>A la espera de m\u00e1s de 10 mil runners<\/strong>, la Asociaci\u00f3n \u00d1and\u00fa anunci\u00f3 que quedan muy pocos cupos en la web oficial de la marat\u00f3n.<\/p>\n\n\n\n<p><strong>Con la largada y llegada en la Avenida Alcorta y Dorrego<\/strong>, el inicio de la competencia ser\u00e1 a partir de las 7, como es costumbre.<\/p>\n","protected":false},"excerpt":{"rendered":"<p>El evento ahora forma parte del m\u00e1s importante circuito internacional. La&nbsp;Marat\u00f3n de S\u00eddney&nbsp;ya forma parte del circuito internacional de pruebas de 42k Majors,&nbsp;y estren\u00f3 ese logro con la participaci\u00f3n de&hellip; <\/p>\n","protected":false},"author":8,"featured_media":225303,"comment_status":"closed","ping_status":"open","sticky":false,"template":"","format":"standard","meta":{"footnotes":""},"categories":[4],"tags":[],"class_list":["post-225302","post","type-post","status-publish","format-standard","has-post-thumbnail","hentry","category-deportes"],"_links":{"self":[{"href":"https:\/\/corrientesdetarde.com\/index.php\/wp-json\/wp\/v2\/posts\/225302","targetHints":{"allow":["GET"]}}],"collection":[{"href":"https:\/\/corrientesdetarde.com\/index.php\/wp-json\/wp\/v2\/posts"}],"about":[{"href":"https:\/\/corrientesdetarde.com\/index.php\/wp-json\/wp\/v2\/types\/post"}],"author":[{"embeddable":true,"href":"https:\/\/corrientesdetarde.com\/index.php\/wp-json\/wp\/v2\/users\/8"}],"replies":[{"embeddable":true,"href":"https:\/\/corrientesdetarde.com\/index.php\/wp-json\/wp\/v2\/comments?post=225302"}],"version-history":[{"count":1,"href":"https:\/\/corrientesdetarde.com\/index.php\/wp-json\/wp\/v2\/posts\/225302\/revisions"}],"predecessor-version":[{"id":225304,"href":"https:\/\/corrientesdetarde.com\/index.php\/wp-json\/wp\/v2\/posts\/225302\/revisions\/225304"}],"wp:featuredmedia":[{"embeddable":true,"href":"https:\/\/corrientesdetarde.com\/index.php\/wp-json\/wp\/v2\/media\/225303"}],"wp:attachment":[{"href":"https:\/\/corrientesdetarde.com\/index.php\/wp-json\/wp\/v2\/media?parent=225302"}],"wp:term":[{"taxonomy":"category","embeddable":true,"href":"https:\/\/corrientesdetarde.com\/index.php\/wp-json\/wp\/v2\/categories?post=225302"},{"taxonomy":"post_tag","embeddable":true,"href":"https:\/\/corrientesdetarde.com\/index.php\/wp-json\/wp\/v2\/tags?post=225302"}],"curies":[{"name":"wp","href":"https:\/\/api.w.org\/{rel}","templated":true}]}}