{"id":225411,"date":"2025-09-03T14:31:31","date_gmt":"2025-09-03T17:31:31","guid":{"rendered":"https:\/\/corrientesdetarde.com\/?p=225411"},"modified":"2025-09-03T14:31:39","modified_gmt":"2025-09-03T17:31:39","slug":"acuerdo-de-cooperacion-entre-cultura-y-el-centro-sanmartiniano","status":"publish","type":"post","link":"https:\/\/corrientesdetarde.com\/index.php\/cultura\/acuerdo-de-cooperacion-entre-cultura-y-el-centro-sanmartiniano\/","title":{"rendered":"Acuerdo de cooperaci\u00f3n entre Cultura y el Centro Sanmartiniano"},"content":{"rendered":"\n<p>La presidenta del Instituto de Cultura, Beatriz Kunin, y el presidente de la Asociaci\u00f3n Civil de Maestros de Corrientes, Agust\u00edn Payes, rubricaron un convenio marco de cooperaci\u00f3n y asistencia rec\u00edproca para garantizar la calidad de los servicios y prestaciones del Centro Cultural Sanmartiniano, que hace un mes abri\u00f3 sus puertas.<\/p>\n\n\n\n<p>El objetivo del convenio que tendr\u00e1 como validez un a\u00f1o, es lograr v\u00ednculos de cooperaci\u00f3n a fin de alcanzar una mejora en la calidad de los servicios y prestaciones del flamante espacio cultural. En espec\u00edfico, la propuesta museogr\u00e1fica del Centro Cultural Sanmartiniano, sito en calle 25 de Mayo al 1406. Un espacio que se centra en la difusi\u00f3n de la vida y obra del General Jos\u00e9 de San Mart\u00edn con una propuesta museogr\u00e1fica que ofrece una innovadora experiencia inmersiva para los visitantes.<\/p>\n\n\n\n<p>En el marco de este proyecto general de cooperaci\u00f3n y asistencia t\u00e9cnica ambas instituciones promover\u00e1n y facilitar\u00e1n la realizaci\u00f3n de actividades de sensibilizaci\u00f3n, capacitaci\u00f3n y difusi\u00f3n que vinculen a sus organismos dependientes y contribuyan a la elevaci\u00f3n de la calidad del tipo de servicio que se brinda.<\/p>\n\n\n\n<p>El Instituto de Cultura tendr\u00e1 a su cargo del personal del Centro Cultural Sanmartiniano -dependiente de la Asociaci\u00f3n Civil de Maestros de Corrientes-, comprometi\u00e9ndose a contribuir para que cumpla con su actividad principal de gu\u00eda de museos, incluyendo acompa\u00f1ar a los visitantes, explicar la colecci\u00f3n, responder preguntas, adaptar la informaci\u00f3n a distintos p\u00fablicos y supervisar el comportamiento de los asistentes para asegurar el respeto por las obras y el patrimonio cultural, entre otras. Lo que supone act\u00faa como un mediador, facilitando la comprensi\u00f3n de los contenidos y el disfrute de la experiencia del museo para diversos p\u00fablicos.<\/p>\n","protected":false},"excerpt":{"rendered":"<p>La presidenta del Instituto de Cultura, Beatriz Kunin, y el presidente de la Asociaci\u00f3n Civil de Maestros de Corrientes, Agust\u00edn Payes, rubricaron un convenio marco de cooperaci\u00f3n y asistencia rec\u00edproca&hellip; <\/p>\n","protected":false},"author":8,"featured_media":225412,"comment_status":"closed","ping_status":"open","sticky":false,"template":"","format":"standard","meta":{"footnotes":""},"categories":[15],"tags":[],"class_list":["post-225411","post","type-post","status-publish","format-standard","has-post-thumbnail","hentry","category-cultura"],"_links":{"self":[{"href":"https:\/\/corrientesdetarde.com\/index.php\/wp-json\/wp\/v2\/posts\/225411","targetHints":{"allow":["GET"]}}],"collection":[{"href":"https:\/\/corrientesdetarde.com\/index.php\/wp-json\/wp\/v2\/posts"}],"about":[{"href":"https:\/\/corrientesdetarde.com\/index.php\/wp-json\/wp\/v2\/types\/post"}],"author":[{"embeddable":true,"href":"https:\/\/corrientesdetarde.com\/index.php\/wp-json\/wp\/v2\/users\/8"}],"replies":[{"embeddable":true,"href":"https:\/\/corrientesdetarde.com\/index.php\/wp-json\/wp\/v2\/comments?post=225411"}],"version-history":[{"count":1,"href":"https:\/\/corrientesdetarde.com\/index.php\/wp-json\/wp\/v2\/posts\/225411\/revisions"}],"predecessor-version":[{"id":225413,"href":"https:\/\/corrientesdetarde.com\/index.php\/wp-json\/wp\/v2\/posts\/225411\/revisions\/225413"}],"wp:featuredmedia":[{"embeddable":true,"href":"https:\/\/corrientesdetarde.com\/index.php\/wp-json\/wp\/v2\/media\/225412"}],"wp:attachment":[{"href":"https:\/\/corrientesdetarde.com\/index.php\/wp-json\/wp\/v2\/media?parent=225411"}],"wp:term":[{"taxonomy":"category","embeddable":true,"href":"https:\/\/corrientesdetarde.com\/index.php\/wp-json\/wp\/v2\/categories?post=225411"},{"taxonomy":"post_tag","embeddable":true,"href":"https:\/\/corrientesdetarde.com\/index.php\/wp-json\/wp\/v2\/tags?post=225411"}],"curies":[{"name":"wp","href":"https:\/\/api.w.org\/{rel}","templated":true}]}}