{"id":225495,"date":"2025-09-03T23:58:00","date_gmt":"2025-09-04T02:58:00","guid":{"rendered":"https:\/\/corrientesdetarde.com\/?p=225495"},"modified":"2025-09-03T23:58:12","modified_gmt":"2025-09-04T02:58:12","slug":"evelyn-botto-rompio-el-silencio-tras-los-dichos-de-sofia-aldrey-y-confirmo-su-relacion-con-fede-bal-hay","status":"publish","type":"post","link":"https:\/\/corrientesdetarde.com\/index.php\/espectaculos\/evelyn-botto-rompio-el-silencio-tras-los-dichos-de-sofia-aldrey-y-confirmo-su-relacion-con-fede-bal-hay\/","title":{"rendered":"Evelyn Botto rompi\u00f3 el silencio tras los dichos de Sof\u00eda Aldrey y confirm\u00f3 su relaci\u00f3n con Fede Bal: &#8220;Hay&#8230;&#8221;"},"content":{"rendered":"\n<p>Luego de las declaraciones de la ex del actor, la conductora sali\u00f3 al cruce y se refiri\u00f3 a su v\u00ednculo con el hijo de Carmen Barbieri.<\/p>\n\n\n\n<p>Luego de que Sof\u00eda Aldrey lanzara un filoso comentario contra Evelyn Botto \u2014quien es se\u00f1alada como la supuesta nueva &#8220;novia&#8221; de su ex, Fede Bal\u2014 asegurando que &#8220;siempre lo persigui\u00f3&#8221;, la locutora sali\u00f3 a responder desde S\u00e1lvese quien pueda, donde adem\u00e1s habl\u00f3 de su v\u00ednculo con el hijo de Carmen Barbieri.<br>&nbsp;<br>&nbsp;&nbsp;<br>&#8220;Algo escuch\u00e9&#8221;, expres\u00f3 Evelyn cuando el cronista Rodrigo Bar le mencion\u00f3 que Sof\u00eda hab\u00eda asegurado que ella y Fede &#8220;ven\u00edan chichoneando&#8221; desde hace tiempo.<\/p>\n\n\n\n<p><br>La conductora dio detalles sobre c\u00f3mo se dio esa din\u00e1mica: &#8220;Eso pasaba mucho en el contexto del aire. Siempre fue del aire, de hecho el que es oyente de Perros de la calle sabe que yo he chamuyado al aire, le he regalado historias a los oyentes, saben que yo soy as\u00ed. Era la joda del intercambio, del ida y vuelta, para el show. Porque nos divert\u00eda, porque Andy (Kusnetzoff), \u00e9l era el gran hacedor de esos momentos&#8221;.<\/p>\n\n\n\n<p><br>En ese sentido, fue enf\u00e1tica al aclarar: &#8220;No, no le mandaba mensajes. Lo que pasaba al aire, era del aire y ah\u00ed mor\u00eda&#8221;. Incluso record\u00f3 el episodio al que hizo referencia Aldrey: &#8220;Y el momento que ella dice, lo del accidente en R\u00edo de Janeiro, lo sacamos al aire internado y \u00e9l estaba bajo el efecto de la morfina, entonces dijo cualquier barbaridad. Yo me acuerdo de eso, pero no me hago cargo tampoco de lo que haya dicho&#8221;.<\/p>\n\n\n\n<p><br>Cuando le consultaron si en alg\u00fan momento hab\u00eda pasado algo entre ellos, Botto fue contundente: &#8220;No, nada. En esa \u00e9poca cero&#8221;. Finalmente, se refiri\u00f3 al presente y aclar\u00f3 los rumores: &#8220;Est\u00e1n hablando de romance y hay tantos grises en el medio. Hay un mundo. Realmente no hay mucho m\u00e1s. Fue una salida, nada m\u00e1s. Estamos los dos solteros. No hay ning\u00fan tipo de obligaci\u00f3n ni exclusividad, cada uno puede hacer lo que quiera&#8221;.<\/p>\n\n\n\n<blockquote class=\"twitter-tweet\"><p lang=\"es\" dir=\"ltr\">\ud83d\ude31 EVELYN BOTTO LE CONTEST\u00d3 A SOF\u00cdA ALDREY Y CONFIRM\u00d3 SU V\u00cdNCULO CON FEDE BAL<br><br>Cc <a href=\"https:\/\/twitter.com\/hashtag\/SQP?src=hash&amp;ref_src=twsrc%5Etfw\">#SQP<\/a> <a href=\"https:\/\/twitter.com\/hashtag\/S%C3%A1lveseQuienPueda?src=hash&amp;ref_src=twsrc%5Etfw\">#S\u00e1lveseQuienPueda<\/a> <a href=\"https:\/\/twitter.com\/yanilatorre?ref_src=twsrc%5Etfw\">@yanilatorre<\/a> <a href=\"https:\/\/t.co\/VIBRY4Eknd\">pic.twitter.com\/VIBRY4Eknd<\/a><\/p>&mdash; Am\u00e9rica TV (@AmericaTV) <a href=\"https:\/\/twitter.com\/AmericaTV\/status\/1963008162992169402?ref_src=twsrc%5Etfw\">September 2, 2025<\/a><\/blockquote> <script async src=\"https:\/\/platform.twitter.com\/widgets.js\" charset=\"utf-8\"><\/script>\n\n\n\n<p><strong>Sof\u00eda Aldrey se refiri\u00f3 a Evelyn Botto, quien seria la nueva pareja de su ex, Fede Bal<\/strong><br>&nbsp;<br>&nbsp;<br>La ex pareja de Fede Bal habl\u00f3 sin filtro este lunes en LAM sobre el hijo de Carmen Barbieri y apunt\u00f3 con una indirecta hacia Evelyn Botto, quien ser\u00eda la actual pareja del actor. &#8220;Ella siempre lo persigui\u00f3&#8221;, afirm\u00f3.<\/p>\n\n\n\n<p>La conversaci\u00f3n se dio luego de que el cronista Santiago Riva Roy le preguntara por el supuesto romance entre Bal y la locutora.<\/p>\n\n\n\n<p>&#8220;Ah, s\u00ed, ya s\u00e9, s\u00ed. Siempre lo persigui\u00f3 ella, porque cada vez que iba a lo de Andy (Kusnetzoff), le mandaba mensajes, todo&#8221;, record\u00f3 Aldrey. Y sum\u00f3: &#8220;De hecho, una vez \u00e9l, me dijo \u2018\u00bfa vos te pones celosa, Evelyn?\u2019. As\u00ed que esto viene&#8230;&#8221;.<\/p>\n\n\n\n<p>\u00bfSab\u00e9s cu\u00e1ndo? Cuando se rompi\u00f3 el brazo en R\u00edo de Janeiro. Mir\u00e1 c\u00f3mo me acuerdo, porque hizo un programa con Andy, en la mesa estaba Evelyn, y le dijo \u2018Sof\u00eda est\u00e1 celosa de Evelyn\u2019&#8221;, relat\u00f3, dejando en claro que la historia no es nueva.<\/p>\n\n\n\n<p>M\u00e1s adelante, la joven aclar\u00f3 su postura respecto a las relaciones y dej\u00f3 en evidencia sus l\u00edmites personales. &#8220;Yo jam\u00e1s estar\u00eda con alguien que est\u00e1 en pareja. No se me cruza por la cabeza&#8221;.<\/p>\n\n\n\n<p>&#8220;As\u00ed que Evelyn es Tatiana, mir\u00e1 vos&#8221;, coment\u00f3. A lo que Aldrey respondi\u00f3 entre risas: &#8220;Tampoco para compararla con la China Su\u00e1rez. No s\u00e9, no las conozco a ninguna de las dos. Y yo no era amiga de Evelyn. Adem\u00e1s, \u00e9l tampoco necesita que lo busquen tanto. Viste que la encuentra abajo de las piedras&#8221;.<\/p>\n","protected":false},"excerpt":{"rendered":"<p>Luego de las declaraciones de la ex del actor, la conductora sali\u00f3 al cruce y se refiri\u00f3 a su v\u00ednculo con el hijo de Carmen Barbieri. Luego de que Sof\u00eda&hellip; <\/p>\n","protected":false},"author":4,"featured_media":225496,"comment_status":"closed","ping_status":"open","sticky":false,"template":"","format":"standard","meta":{"footnotes":""},"categories":[19],"tags":[],"class_list":["post-225495","post","type-post","status-publish","format-standard","has-post-thumbnail","hentry","category-espectaculos"],"_links":{"self":[{"href":"https:\/\/corrientesdetarde.com\/index.php\/wp-json\/wp\/v2\/posts\/225495","targetHints":{"allow":["GET"]}}],"collection":[{"href":"https:\/\/corrientesdetarde.com\/index.php\/wp-json\/wp\/v2\/posts"}],"about":[{"href":"https:\/\/corrientesdetarde.com\/index.php\/wp-json\/wp\/v2\/types\/post"}],"author":[{"embeddable":true,"href":"https:\/\/corrientesdetarde.com\/index.php\/wp-json\/wp\/v2\/users\/4"}],"replies":[{"embeddable":true,"href":"https:\/\/corrientesdetarde.com\/index.php\/wp-json\/wp\/v2\/comments?post=225495"}],"version-history":[{"count":1,"href":"https:\/\/corrientesdetarde.com\/index.php\/wp-json\/wp\/v2\/posts\/225495\/revisions"}],"predecessor-version":[{"id":225497,"href":"https:\/\/corrientesdetarde.com\/index.php\/wp-json\/wp\/v2\/posts\/225495\/revisions\/225497"}],"wp:featuredmedia":[{"embeddable":true,"href":"https:\/\/corrientesdetarde.com\/index.php\/wp-json\/wp\/v2\/media\/225496"}],"wp:attachment":[{"href":"https:\/\/corrientesdetarde.com\/index.php\/wp-json\/wp\/v2\/media?parent=225495"}],"wp:term":[{"taxonomy":"category","embeddable":true,"href":"https:\/\/corrientesdetarde.com\/index.php\/wp-json\/wp\/v2\/categories?post=225495"},{"taxonomy":"post_tag","embeddable":true,"href":"https:\/\/corrientesdetarde.com\/index.php\/wp-json\/wp\/v2\/tags?post=225495"}],"curies":[{"name":"wp","href":"https:\/\/api.w.org\/{rel}","templated":true}]}}