{"id":225501,"date":"2025-09-04T02:16:56","date_gmt":"2025-09-04T05:16:56","guid":{"rendered":"https:\/\/corrientesdetarde.com\/?p=225501"},"modified":"2025-09-04T02:17:27","modified_gmt":"2025-09-04T05:17:27","slug":"homenaje-y-ultimo-adios-al-gran-raul-barboza","status":"publish","type":"post","link":"https:\/\/corrientesdetarde.com\/index.php\/cultura\/homenaje-y-ultimo-adios-al-gran-raul-barboza\/","title":{"rendered":"Homenaje y \u00faltimo adi\u00f3s al gran Ra\u00fal Barboza"},"content":{"rendered":"\n<p>El Gobierno de la Provincia, a trav\u00e9s del Instituto de Cultura de Corrientes, rendir\u00e1 un sentido tributo a uno de los grandes embajadores del chamam\u00e9: el maestro Ra\u00fal Barboza. Este jueves 4 de septiembre, a las 10,30, se realizar\u00e1 un homenaje al m\u00fasico en la Sala Va\u00f1ek (San Juan 546), acompa\u00f1ando simb\u00f3licamente la despedida a sus restos en Francia.<\/p>\n\n\n\n<p>Se proyectar\u00e1 un material audiovisual sobre la vida y obra del notable compositor e int\u00e9rprete, quien supo trascender fronteras con la m\u00fasica chamamecera. Y se espera que acompa\u00f1en este momento, autoridades y artistas del g\u00e9nero que desde siempre reconocen su virtuosismo y hoy su importante legado.<\/p>\n\n\n\n<p>De esta manera, la Naci\u00f3n Chamamecera acompa\u00f1ar\u00e1 a la distancia el \u00faltimo adi\u00f3s al reconocido acordeonista que consistir\u00e1 en un funeral breve, a caj\u00f3n cerrado y sin ceremonia religiosa. La misma se llevar\u00e1 adelante, a las 15,30, en el cementerio del P\u00e8re-Lachaise de Paris, Francia (10,30 horas de argentina). All\u00ed ser\u00e1 su descanso final, mismo lugar que guarda los restos de&nbsp;grandes artistas como&nbsp;Fr\u00e9d\u00e9ric&nbsp;Chopin,&nbsp;\u00c9dith&nbsp;Piaf, Mar\u00eda Callas,&nbsp;Georges&nbsp;Moustaki, Yves Montand.<\/p>\n\n\n\n<figure class=\"wp-block-image size-full\"><img loading=\"lazy\" decoding=\"async\" width=\"726\" height=\"828\" src=\"https:\/\/corrientesdetarde.com\/wp-content\/uploads\/2025\/09\/image-109.png\" alt=\"\" class=\"wp-image-225502\" srcset=\"https:\/\/corrientesdetarde.com\/wp-content\/uploads\/2025\/09\/image-109.png 726w, https:\/\/corrientesdetarde.com\/wp-content\/uploads\/2025\/09\/image-109-263x300.png 263w\" sizes=\"auto, (max-width: 726px) 100vw, 726px\" \/><\/figure>\n","protected":false},"excerpt":{"rendered":"<p>El Gobierno de la Provincia, a trav\u00e9s del Instituto de Cultura de Corrientes, rendir\u00e1 un sentido tributo a uno de los grandes embajadores del chamam\u00e9: el maestro Ra\u00fal Barboza. Este&hellip; <\/p>\n","protected":false},"author":4,"featured_media":225503,"comment_status":"closed","ping_status":"open","sticky":false,"template":"","format":"standard","meta":{"footnotes":""},"categories":[15],"tags":[],"class_list":["post-225501","post","type-post","status-publish","format-standard","has-post-thumbnail","hentry","category-cultura"],"_links":{"self":[{"href":"https:\/\/corrientesdetarde.com\/index.php\/wp-json\/wp\/v2\/posts\/225501","targetHints":{"allow":["GET"]}}],"collection":[{"href":"https:\/\/corrientesdetarde.com\/index.php\/wp-json\/wp\/v2\/posts"}],"about":[{"href":"https:\/\/corrientesdetarde.com\/index.php\/wp-json\/wp\/v2\/types\/post"}],"author":[{"embeddable":true,"href":"https:\/\/corrientesdetarde.com\/index.php\/wp-json\/wp\/v2\/users\/4"}],"replies":[{"embeddable":true,"href":"https:\/\/corrientesdetarde.com\/index.php\/wp-json\/wp\/v2\/comments?post=225501"}],"version-history":[{"count":1,"href":"https:\/\/corrientesdetarde.com\/index.php\/wp-json\/wp\/v2\/posts\/225501\/revisions"}],"predecessor-version":[{"id":225504,"href":"https:\/\/corrientesdetarde.com\/index.php\/wp-json\/wp\/v2\/posts\/225501\/revisions\/225504"}],"wp:featuredmedia":[{"embeddable":true,"href":"https:\/\/corrientesdetarde.com\/index.php\/wp-json\/wp\/v2\/media\/225503"}],"wp:attachment":[{"href":"https:\/\/corrientesdetarde.com\/index.php\/wp-json\/wp\/v2\/media?parent=225501"}],"wp:term":[{"taxonomy":"category","embeddable":true,"href":"https:\/\/corrientesdetarde.com\/index.php\/wp-json\/wp\/v2\/categories?post=225501"},{"taxonomy":"post_tag","embeddable":true,"href":"https:\/\/corrientesdetarde.com\/index.php\/wp-json\/wp\/v2\/tags?post=225501"}],"curies":[{"name":"wp","href":"https:\/\/api.w.org\/{rel}","templated":true}]}}