{"id":225507,"date":"2025-09-04T08:55:54","date_gmt":"2025-09-04T11:55:54","guid":{"rendered":"https:\/\/corrientesdetarde.com\/?p=225507"},"modified":"2025-09-04T08:56:13","modified_gmt":"2025-09-04T11:56:13","slug":"vamos-corrientes-gano-en-virasoro","status":"publish","type":"post","link":"https:\/\/corrientesdetarde.com\/index.php\/destacados\/vamos-corrientes-gano-en-virasoro\/","title":{"rendered":"Vamos Corrientes gan\u00f3 en Virasoro"},"content":{"rendered":"\n<p>Tras el\u00a0<strong>escrutinio definitivo<\/strong>, el candidato\u00a0<strong>Guillermo de la Cruz<\/strong>\u00a0se adjudic\u00f3 la victoria como intendente de la localidad correntina de\u00a0<strong>Virasoro<\/strong>. El resultado se dio a conocer luego de que se abrieran las urnas en las que se hab\u00edan detectado &#8220;diferencias y discrepancias&#8221;, con las que el flamante intendente logr\u00f3 revertir la diferencia de 10 votos que ten\u00eda con\u00a0<strong>Dar\u00edo Gonz\u00e1lez<\/strong>\u00a0del\u00a0<strong>Frente Virasore\u00f1o<\/strong>.<\/p>\n\n\n\n<p><\/p>\n\n\n\n<figure class=\"wp-block-embed is-type-rich is-provider-twitter wp-block-embed-twitter\"><div class=\"wp-block-embed__wrapper\">\n<blockquote class=\"twitter-tweet\" data-width=\"550\" data-dnt=\"true\"><p lang=\"es\" dir=\"ltr\">\u00a1GANAMOS <a href=\"https:\/\/twitter.com\/hashtag\/VIRASORO?src=hash&amp;ref_src=twsrc%5Etfw\">#VIRASORO<\/a>! Tras el escrutinio definitivo, Guillermo De La Cruz y Julieta Canoniero son los nuevos intendente y viceintendente electos de la ciudad.<br><br>Felicitaciones y gracias a todo el pueblo virasore\u00f1o por su apoyo y confianza. <a href=\"https:\/\/twitter.com\/hashtag\/Virasoro?src=hash&amp;ref_src=twsrc%5Etfw\">#Virasoro<\/a> tiene futuro, \u00a1Vamos Corrientes! <a href=\"https:\/\/t.co\/mMGEweozcN\">pic.twitter.com\/mMGEweozcN<\/a><\/p>&mdash; Vamos Corrientes (@vamosctesok) <a href=\"https:\/\/twitter.com\/vamosctesok\/status\/1963397553388466176?ref_src=twsrc%5Etfw\">September 4, 2025<\/a><\/blockquote><script async src=\"https:\/\/platform.twitter.com\/widgets.js\" charset=\"utf-8\"><\/script>\n<\/div><\/figure>\n\n\n\n<p><\/p>\n\n\n\n<p>&#8220;En el escrutinio definitivo, con 85 meses escrutadas, se confirm\u00f3 el triunfo de Vamos Corrientes por 41 votos. La alianza liderada por Gustavo Vald\u00e9s obtuvo para la intendencia\u00a07.704 votos, es decir el\u00a042.06% y el\u00a0Frente Renovador, liderado por el actual intendente, Emiliano Fern\u00e1ndez, se alz\u00f3 con\u00a07.663, es decir\u00a041.84%&#8221;, confirmaron fuentes oficiales..<\/p>\n\n\n\n<p>Durante el escrutinio provisorio, el Frente Virasore\u00f1o hab\u00eda terminado con 7.665 votos, apenas 10 sufragios m\u00e1s que Vamos Corrientes que se alz\u00f3 con 7.655.<\/p>\n\n\n\n<p>De la Cruz expres\u00f3 su satisfacci\u00f3n&nbsp;por el resultado. \u201cLa totalidad de las urnas se han escrutado y donde exist\u00edan diferencias y discrepancias, se ha autorizado la apertura y&nbsp;<strong>se ha clarificado el resultado<\/strong>\u201d, asegur\u00f3 en radio Continental.&nbsp;<\/p>\n\n\n\n<p>&#8220;Nos sorprende. Pero las diferencias a nuestro favor son muy elocuentes. Ellos no quer\u00edan que se abran las urnas. Pero se abrieron y se corrobaron los resultados con los certificados de escrutinio de nuestros fiscales y no el telegrama del presidente de mesa, que llamativamente no hab\u00edan consignado nuestros votos&#8221;, alert\u00f3.<\/p>\n","protected":false},"excerpt":{"rendered":"<p>Tras el\u00a0escrutinio definitivo, el candidato\u00a0Guillermo de la Cruz\u00a0se adjudic\u00f3 la victoria como intendente de la localidad correntina de\u00a0Virasoro. El resultado se dio a conocer luego de que se abrieran las&hellip; <\/p>\n","protected":false},"author":1,"featured_media":225508,"comment_status":"closed","ping_status":"open","sticky":false,"template":"","format":"standard","meta":{"footnotes":""},"categories":[26],"tags":[],"class_list":["post-225507","post","type-post","status-publish","format-standard","has-post-thumbnail","hentry","category-destacados"],"_links":{"self":[{"href":"https:\/\/corrientesdetarde.com\/index.php\/wp-json\/wp\/v2\/posts\/225507","targetHints":{"allow":["GET"]}}],"collection":[{"href":"https:\/\/corrientesdetarde.com\/index.php\/wp-json\/wp\/v2\/posts"}],"about":[{"href":"https:\/\/corrientesdetarde.com\/index.php\/wp-json\/wp\/v2\/types\/post"}],"author":[{"embeddable":true,"href":"https:\/\/corrientesdetarde.com\/index.php\/wp-json\/wp\/v2\/users\/1"}],"replies":[{"embeddable":true,"href":"https:\/\/corrientesdetarde.com\/index.php\/wp-json\/wp\/v2\/comments?post=225507"}],"version-history":[{"count":2,"href":"https:\/\/corrientesdetarde.com\/index.php\/wp-json\/wp\/v2\/posts\/225507\/revisions"}],"predecessor-version":[{"id":225510,"href":"https:\/\/corrientesdetarde.com\/index.php\/wp-json\/wp\/v2\/posts\/225507\/revisions\/225510"}],"wp:featuredmedia":[{"embeddable":true,"href":"https:\/\/corrientesdetarde.com\/index.php\/wp-json\/wp\/v2\/media\/225508"}],"wp:attachment":[{"href":"https:\/\/corrientesdetarde.com\/index.php\/wp-json\/wp\/v2\/media?parent=225507"}],"wp:term":[{"taxonomy":"category","embeddable":true,"href":"https:\/\/corrientesdetarde.com\/index.php\/wp-json\/wp\/v2\/categories?post=225507"},{"taxonomy":"post_tag","embeddable":true,"href":"https:\/\/corrientesdetarde.com\/index.php\/wp-json\/wp\/v2\/tags?post=225507"}],"curies":[{"name":"wp","href":"https:\/\/api.w.org\/{rel}","templated":true}]}}