{"id":225553,"date":"2025-09-04T13:17:50","date_gmt":"2025-09-04T16:17:50","guid":{"rendered":"https:\/\/corrientesdetarde.com\/?p=225553"},"modified":"2025-09-04T13:19:22","modified_gmt":"2025-09-04T16:19:22","slug":"murio-a-los-91-anos-giorgio-armani-el-disenador-que-revoluciono-la-moda-italiana","status":"publish","type":"post","link":"https:\/\/corrientesdetarde.com\/index.php\/tendencias\/murio-a-los-91-anos-giorgio-armani-el-disenador-que-revoluciono-la-moda-italiana\/","title":{"rendered":"Muri\u00f3 a los 91 a\u00f1os Giorgio Armani, el dise\u00f1ador que revolucion\u00f3 la moda italiana"},"content":{"rendered":"\n<p>Planeaba festejar este mes los 50 a\u00f1os de su marca.<\/p>\n\n\n\n<p>Giorgio Armani, un pionero del pr\u00eat-\u00e0-porter de Mil\u00e1n que revolucion\u00f3 la moda con looks desestructurados, muri\u00f3 el jueves a los 91 a\u00f1os, confirm\u00f3 su casa de moda.<\/p>\n\n\n\n<p>Armani falleci\u00f3 en su domicilio, \u201crodeado de sus seres queridos\u201d, inform\u00f3 la empresa en un comunicado: \u201cCon una tristeza infinita, el Grupo&nbsp;<em><strong>Armani<\/strong><\/em>&nbsp;anuncia el deceso de su creador, fundador y motor infatigable: Giorgio&nbsp;<em><strong>Armani<\/strong><\/em>\u201c.<\/p>\n\n\n\n<p>El dise\u00f1ador\u00a0no pudo presentarse a sus desfiles de junio\u00a0debido a una enfermedad no revelada. Estaba planeando un gran evento para celebrar los 50 a\u00f1os de su emblem\u00e1tica casa de moda, Giorgio Armani, durante la Semana de la Moda de Mil\u00e1n de este mes.<\/p>\n\n\n\n<h2 class=\"wp-block-heading\">Armani, un adicto al trabajo<\/h2>\n\n\n\n<p>El dise\u00f1ador hab\u00eda revelado que su mayor arrepentimiento en la vida era \u201c<strong>pasar demasiadas horas trabajando<\/strong>&nbsp;y no suficiente tiempo con amigos y familiares\u201d.<\/p>\n\n\n\n<p>\u201cHoy, con profunda emoci\u00f3n, sentimos el vac\u00edo dejado por quien fund\u00f3 y nutri\u00f3 esta familia con visi\u00f3n, pasi\u00f3n y dedicaci\u00f3n, pero es precisamente en su esp\u00edritu que nosotros, los empleados y los miembros de la familia que siempre hemos trabajado junto al Sr. Armani, nos comprometemos a<strong>&nbsp;proteger lo que \u00e9l construy\u00f3&nbsp;<\/strong>y a llevar su empresa adelante en su memoria, con respeto, responsabilidad y amor\u201d se\u00f1al\u00f3 su marca.<\/p>\n\n\n\n<p>Armani fue CEO y director creativo hasta su muerte y dijo en su \u00faltima entrevista el pasado fin de semana: \u201cMi mayor debilidad es que tengo el control de todo\u201d.<\/p>\n\n\n\n<h2 class=\"wp-block-heading\">La modernidad italiana<\/h2>\n\n\n\n<p>Armani era sin\u00f3nimo de<strong>&nbsp;estilo y elegancia italianos modernos.<\/strong>&nbsp;Combin\u00f3 el talento del dise\u00f1ador con la perspicacia de un hombre de negocios, dirigiendo una empresa que facturaba unos&nbsp;<strong>2.300 millones de euros<\/strong>&nbsp;(2.700 millones de d\u00f3lares) al a\u00f1o.<\/p>\n\n\n\n<p>Armani era famoso por&nbsp;<strong>supervisar cada detalle de su colecci\u00f3n y cada aspecto de su negocio<\/strong>, desde la publicidad hasta arreglar el cabello de las modelos mientras sal\u00edan a la pasarela.<\/p>\n\n\n\n<p>El s\u00e1bado y el domingo se realizar\u00e1 un funeral en Mil\u00e1n, dijo la compa\u00f1\u00eda, seguido de un funeral privado en una fecha no especificada.<\/p>\n","protected":false},"excerpt":{"rendered":"<p>Planeaba festejar este mes los 50 a\u00f1os de su marca. Giorgio Armani, un pionero del pr\u00eat-\u00e0-porter de Mil\u00e1n que revolucion\u00f3 la moda con looks desestructurados, muri\u00f3 el jueves a los&hellip; <\/p>\n","protected":false},"author":8,"featured_media":225554,"comment_status":"closed","ping_status":"open","sticky":false,"template":"","format":"standard","meta":{"footnotes":""},"categories":[28],"tags":[],"class_list":["post-225553","post","type-post","status-publish","format-standard","has-post-thumbnail","hentry","category-tendencias"],"_links":{"self":[{"href":"https:\/\/corrientesdetarde.com\/index.php\/wp-json\/wp\/v2\/posts\/225553","targetHints":{"allow":["GET"]}}],"collection":[{"href":"https:\/\/corrientesdetarde.com\/index.php\/wp-json\/wp\/v2\/posts"}],"about":[{"href":"https:\/\/corrientesdetarde.com\/index.php\/wp-json\/wp\/v2\/types\/post"}],"author":[{"embeddable":true,"href":"https:\/\/corrientesdetarde.com\/index.php\/wp-json\/wp\/v2\/users\/8"}],"replies":[{"embeddable":true,"href":"https:\/\/corrientesdetarde.com\/index.php\/wp-json\/wp\/v2\/comments?post=225553"}],"version-history":[{"count":1,"href":"https:\/\/corrientesdetarde.com\/index.php\/wp-json\/wp\/v2\/posts\/225553\/revisions"}],"predecessor-version":[{"id":225555,"href":"https:\/\/corrientesdetarde.com\/index.php\/wp-json\/wp\/v2\/posts\/225553\/revisions\/225555"}],"wp:featuredmedia":[{"embeddable":true,"href":"https:\/\/corrientesdetarde.com\/index.php\/wp-json\/wp\/v2\/media\/225554"}],"wp:attachment":[{"href":"https:\/\/corrientesdetarde.com\/index.php\/wp-json\/wp\/v2\/media?parent=225553"}],"wp:term":[{"taxonomy":"category","embeddable":true,"href":"https:\/\/corrientesdetarde.com\/index.php\/wp-json\/wp\/v2\/categories?post=225553"},{"taxonomy":"post_tag","embeddable":true,"href":"https:\/\/corrientesdetarde.com\/index.php\/wp-json\/wp\/v2\/tags?post=225553"}],"curies":[{"name":"wp","href":"https:\/\/api.w.org\/{rel}","templated":true}]}}