{"id":225579,"date":"2025-09-04T15:11:04","date_gmt":"2025-09-04T18:11:04","guid":{"rendered":"https:\/\/corrientesdetarde.com\/?p=225579"},"modified":"2025-09-04T15:11:35","modified_gmt":"2025-09-04T18:11:35","slug":"corrientes-presente-en-la-173-asamblea-del-consejo-federal-de-turismo","status":"publish","type":"post","link":"https:\/\/corrientesdetarde.com\/index.php\/turismo\/corrientes-presente-en-la-173-asamblea-del-consejo-federal-de-turismo\/","title":{"rendered":"Corrientes presente en la 173\u00b0 Asamblea del Consejo Federal de Turismo"},"content":{"rendered":"\n<p>La ciudad de San Juan fue elegida como sede del Foro Nacional de Turismo y en ese marco, se dieron cita ministros y secretarios de Turismo de todo el pa\u00eds. La 173\u00b0 Asamblea del Consejo Federal de Turismo (CFT) tuvo lugar esta ma\u00f1ana en el sal\u00f3n&nbsp;Cruce de los Andes del Centro C\u00edvico de la ciudad de San Juan.<\/p>\n\n\n\n<p>La mesa estuvo encabezada por el secretario de Turismo, Ambiente y Deportes de la Naci\u00f3n, Daniel Scioli junto al presidente del CFT, Valent\u00edn D\u00edaz Gilligan; mientras que en un instante de la reuni\u00f3n acompa\u00f1\u00f3 el Gobernador de la Provincia de San Juan, Marcelo Orrego.&nbsp;En tanto, en representaci\u00f3n de la provincia de Corrientes asisti\u00f3 el&nbsp;subsecretario de Coordinaci\u00f3n Tur\u00edstica Regional y Grande Eventos Oscar Mac\u00edas y la directora de Gesti\u00f3n Tur\u00edstica Mercedes Alegre.<\/p>\n\n\n\n<p>La jornada se desarroll\u00f3 con las palabras de bienvenida a cargo del ministro de Turismo de San Juan Guido Romero para despu\u00e9s iniciar la asamblea que cont\u00f3 con la presentaci\u00f3n del \u00c1rea de Promoci\u00f3n y Desarrollo de las Industrias Culturales y el Turismo; luego hizo lo propio un referente de Aerol\u00edneas Argentinas y de Flybondi.<\/p>\n\n\n\n<p>Otro de los puntos salientes de la jornada fue el diagn\u00f3stico sobre la evoluci\u00f3n del Pasaporte Nacional Sanmartiniano. Evoluci\u00f3n del Programa. Mientras que el Ente Norte Argentino present\u00f3 su \u201cPlan de Marketing Tur\u00edstico\u201d. Por otra parte, autoridades nacionales procedieron a la entrega de Placas del Programa Nacional de Calidad Tur\u00edstica donde la provincia de Corrientes recibi\u00f3 dicha distinci\u00f3n.<\/p>\n\n\n\n<p>En la continuidad de los temas tratados en San Juan se destac\u00f3 la propuesta de planificaci\u00f3n de feriados 2026 con un estudio de la actualizaci\u00f3n del r\u00e9gimen<\/p>\n\n\n\n<p>legal para lograr una mayor previsibilidad. El inicio del ciclo lectivo 2026, la baja de tasas aeroportuarias para vuelos regionales y&nbsp;la&nbsp;planificaci\u00f3n e incentivos para la temporada estival por parte del Estado Nacional, completaron el temario.<\/p>\n\n\n\n<p>Vale mencionar que, a&nbsp;d\u00edas de la realizaci\u00f3n de la Feria Internacional de Turismo de Am\u00e9rica Latina (FIT), un tema ineludible fue la presencia institucional de los organismos provinciales en esta muestra del sector que tendr\u00e1 lugar en la Sociedad Rural de Palermo del 27 al 30 de septiembre.<\/p>\n\n\n\n<figure class=\"wp-block-image size-full\"><img loading=\"lazy\" decoding=\"async\" width=\"640\" height=\"480\" src=\"https:\/\/corrientesdetarde.com\/wp-content\/uploads\/2025\/09\/image-136.png\" alt=\"\" class=\"wp-image-225584\" srcset=\"https:\/\/corrientesdetarde.com\/wp-content\/uploads\/2025\/09\/image-136.png 640w, https:\/\/corrientesdetarde.com\/wp-content\/uploads\/2025\/09\/image-136-300x225.png 300w\" sizes=\"auto, (max-width: 640px) 100vw, 640px\" \/><\/figure>\n","protected":false},"excerpt":{"rendered":"<p>La ciudad de San Juan fue elegida como sede del Foro Nacional de Turismo y en ese marco, se dieron cita ministros y secretarios de Turismo de todo el pa\u00eds.&hellip; <\/p>\n","protected":false},"author":8,"featured_media":225583,"comment_status":"closed","ping_status":"open","sticky":false,"template":"","format":"standard","meta":{"footnotes":""},"categories":[31],"tags":[],"class_list":["post-225579","post","type-post","status-publish","format-standard","has-post-thumbnail","hentry","category-turismo"],"_links":{"self":[{"href":"https:\/\/corrientesdetarde.com\/index.php\/wp-json\/wp\/v2\/posts\/225579","targetHints":{"allow":["GET"]}}],"collection":[{"href":"https:\/\/corrientesdetarde.com\/index.php\/wp-json\/wp\/v2\/posts"}],"about":[{"href":"https:\/\/corrientesdetarde.com\/index.php\/wp-json\/wp\/v2\/types\/post"}],"author":[{"embeddable":true,"href":"https:\/\/corrientesdetarde.com\/index.php\/wp-json\/wp\/v2\/users\/8"}],"replies":[{"embeddable":true,"href":"https:\/\/corrientesdetarde.com\/index.php\/wp-json\/wp\/v2\/comments?post=225579"}],"version-history":[{"count":1,"href":"https:\/\/corrientesdetarde.com\/index.php\/wp-json\/wp\/v2\/posts\/225579\/revisions"}],"predecessor-version":[{"id":225585,"href":"https:\/\/corrientesdetarde.com\/index.php\/wp-json\/wp\/v2\/posts\/225579\/revisions\/225585"}],"wp:featuredmedia":[{"embeddable":true,"href":"https:\/\/corrientesdetarde.com\/index.php\/wp-json\/wp\/v2\/media\/225583"}],"wp:attachment":[{"href":"https:\/\/corrientesdetarde.com\/index.php\/wp-json\/wp\/v2\/media?parent=225579"}],"wp:term":[{"taxonomy":"category","embeddable":true,"href":"https:\/\/corrientesdetarde.com\/index.php\/wp-json\/wp\/v2\/categories?post=225579"},{"taxonomy":"post_tag","embeddable":true,"href":"https:\/\/corrientesdetarde.com\/index.php\/wp-json\/wp\/v2\/tags?post=225579"}],"curies":[{"name":"wp","href":"https:\/\/api.w.org\/{rel}","templated":true}]}}