{"id":225589,"date":"2025-09-04T15:16:42","date_gmt":"2025-09-04T18:16:42","guid":{"rendered":"https:\/\/corrientesdetarde.com\/?p=225589"},"modified":"2025-09-04T15:16:50","modified_gmt":"2025-09-04T18:16:50","slug":"corrientes-despidio-al-maestro-raul-barboza-con-un-emotivo-homenaje","status":"publish","type":"post","link":"https:\/\/corrientesdetarde.com\/index.php\/cultura\/corrientes-despidio-al-maestro-raul-barboza-con-un-emotivo-homenaje\/","title":{"rendered":"Corrientes despidi\u00f3 al maestro Ra\u00fal Barboza con un emotivo homenaje"},"content":{"rendered":"\n<p>Distintos artistas chamameceros y autoridades del Gobierno de la Provincia se dieron cita hoy, a las 10,30, en el Instituto de Cultura de Corrientes, desde donde se rindi\u00f3 homenaje al gran maestro Ra\u00fal Barboza, acompa\u00f1ando de manera simb\u00f3lica la despedida a sus restos realizada en el cementerio P\u00e8re-Lachaise en Paris, Francia.<\/p>\n\n\n\n<p>La presidenta del Instituto de Cultura, Beatriz Kunin, encabez\u00f3 este sentido tributo a quien fuera uno de los principales embajadores del chamam\u00e9 en el mundo, y estuvo acompa\u00f1ada por destacados artistas como Julio C\u00e1ceres, Ariel B\u00e1ez, Ra\u00fal Alonso, el senador provincial Noel Breard, el director de la Fiesta Nacional del Chamam\u00e9, Eduardo S\u00edvori, entre varios otros invitados que reconocen el enorme legado del m\u00fasico.&nbsp;<\/p>\n\n\n\n<p>\u201cTuvimos el honor y placer de haberlo tenido durante tantos a\u00f1os en la Fiesta Nacional del Chamam\u00e9, y este a\u00f1o particip\u00f3 adem\u00e1s de un conversatorio muy emotivo porque fue como una despedida. Nos cont\u00f3 toda su vida, su ni\u00f1ez, su llegada a Buenos Aires, como sal\u00eda con su pap\u00e1 por calles de tierra, y tocaba a la gorra. Para nosotros es sumamente importante, estar ac\u00e1 todos presentes y,&nbsp;a la distancia,&nbsp;acompa\u00f1ar a la familia en este momento, esperando que su vuelo sea triunfal\u201d, expres\u00f3 Beatriz Kunin, quien remarc\u00f3 el reconocimiento internacional alcanzado por el maestro Ra\u00fal Barboza y c\u00f3mo eso contribuy\u00f3 a que el chamam\u00e9 sea hoy Patrimonio Cultural Inmaterial de la Humanidad.<\/p>\n\n\n\n<p>\u201cPor qu\u00e9 el disminutivo Raulito, porque desde muy peque\u00f1ito empez\u00f3 acompa\u00f1ando a su padre en las distintas bailantas chamameceras, esas bailantas nuestras de piso de tierra y polvareda, y mucha emoci\u00f3n y mucho sentimiento, y all\u00ed comenz\u00f3 Raulito a gestarse como el Ra\u00fal que recordamos en este momento\u201d, record\u00f3 el l\u00edder de Los Imaguar\u00e9, Julio C\u00e1ceres.&nbsp;<\/p>\n\n\n\n<p>El integrante de Los Alonsitos, Ariel B\u00e1ez, destac\u00f3 su admiraci\u00f3n por el maestro Barboza, \u201cm\u00e1s all\u00e1 de admirarlo desde muy chico y que ha sido un faro important\u00edsimo para m\u00ed en lo personal y para Los Alonsitos, record\u00e1bamos reci\u00e9n que nuestro primer disco que grabamos en el a\u00f1o 88, ven\u00eda acompa\u00f1ado con nuestro primer videoclip, y justamente era un chamam\u00e9 de Ra\u00fal Barboza, Tren Expreso\u201d.<\/p>\n\n\n\n<p><strong>Proyecci\u00f3n audiovisual<\/strong><\/p>\n\n\n\n<p>Luego de las palabras de los presentes, se procedi\u00f3 a la proyecci\u00f3n de fragmentos de distintos materiales audiovisuales vinculados a la vida y obra del compositor e int\u00e9rprete.<\/p>\n\n\n\n<p>El Departamento Audiovisual del Instituto de Cultura de Corrientes aport\u00f3 referencias de la vida documental de Barboza. Por un lado, el documental \u201cEl sentimiento de abrazar\u201d (2003); seguido por \u201cLa voz del viento&#8221;, otro documental basado en la vida y la m\u00fasica de Ra\u00fal Barboza; y, por \u00faltimo, la \u00faltima presentaci\u00f3n del maestro,&nbsp;durante la Fiesta Nacional del Chamam\u00e9.<\/p>\n\n\n\n<p><strong>Despedida<\/strong><\/p>\n\n\n\n<p>De esta manera, la Naci\u00f3n Chamamecera acompa\u00f1\u00f3 a la distancia el \u00faltimo adi\u00f3s al reconocido acordeonista que consisti\u00f3 en un funeral breve, a caj\u00f3n cerrado y sin ceremonia religiosa.<\/p>\n\n\n\n<p>Se llev\u00f3 adelante, a las 15,30, en el cementerio del P\u00e8re-Lachaise de Paris, Francia (10,30 horas de argentina). All\u00ed ser\u00e1 su descanso final, mismo lugar que guarda los restos de grandes artistas como Fr\u00e9d\u00e9ric Chopin, \u00c9dith Piaf, Mar\u00eda Callas, Georges Moustaki, Yves Montand<\/p>\n\n\n\n<figure class=\"wp-block-image size-large\"><img loading=\"lazy\" decoding=\"async\" width=\"1024\" height=\"768\" src=\"https:\/\/corrientesdetarde.com\/wp-content\/uploads\/2025\/09\/image-138-1024x768.png\" alt=\"\" class=\"wp-image-225590\" srcset=\"https:\/\/corrientesdetarde.com\/wp-content\/uploads\/2025\/09\/image-138-1024x768.png 1024w, https:\/\/corrientesdetarde.com\/wp-content\/uploads\/2025\/09\/image-138-300x225.png 300w, https:\/\/corrientesdetarde.com\/wp-content\/uploads\/2025\/09\/image-138-768x576.png 768w, https:\/\/corrientesdetarde.com\/wp-content\/uploads\/2025\/09\/image-138-1536x1152.png 1536w, https:\/\/corrientesdetarde.com\/wp-content\/uploads\/2025\/09\/image-138-2048x1536.png 2048w\" sizes=\"auto, (max-width: 1024px) 100vw, 1024px\" \/><\/figure>\n\n\n\n<figure class=\"wp-block-image size-large\"><img loading=\"lazy\" decoding=\"async\" width=\"768\" height=\"1024\" src=\"https:\/\/corrientesdetarde.com\/wp-content\/uploads\/2025\/09\/image-139-768x1024.png\" alt=\"\" class=\"wp-image-225591\" srcset=\"https:\/\/corrientesdetarde.com\/wp-content\/uploads\/2025\/09\/image-139-768x1024.png 768w, https:\/\/corrientesdetarde.com\/wp-content\/uploads\/2025\/09\/image-139-225x300.png 225w, https:\/\/corrientesdetarde.com\/wp-content\/uploads\/2025\/09\/image-139-1152x1536.png 1152w, https:\/\/corrientesdetarde.com\/wp-content\/uploads\/2025\/09\/image-139-1536x2048.png 1536w\" sizes=\"auto, (max-width: 768px) 100vw, 768px\" \/><\/figure>\n\n\n\n<figure class=\"wp-block-image size-large\"><img loading=\"lazy\" decoding=\"async\" width=\"1024\" height=\"768\" src=\"https:\/\/corrientesdetarde.com\/wp-content\/uploads\/2025\/09\/image-140-1024x768.png\" alt=\"\" class=\"wp-image-225592\" srcset=\"https:\/\/corrientesdetarde.com\/wp-content\/uploads\/2025\/09\/image-140-1024x768.png 1024w, https:\/\/corrientesdetarde.com\/wp-content\/uploads\/2025\/09\/image-140-300x225.png 300w, https:\/\/corrientesdetarde.com\/wp-content\/uploads\/2025\/09\/image-140-768x576.png 768w, https:\/\/corrientesdetarde.com\/wp-content\/uploads\/2025\/09\/image-140-1536x1152.png 1536w, https:\/\/corrientesdetarde.com\/wp-content\/uploads\/2025\/09\/image-140.png 1600w\" sizes=\"auto, (max-width: 1024px) 100vw, 1024px\" \/><\/figure>\n\n\n\n<figure class=\"wp-block-image size-large\"><img loading=\"lazy\" decoding=\"async\" width=\"1024\" height=\"768\" src=\"https:\/\/corrientesdetarde.com\/wp-content\/uploads\/2025\/09\/image-141-1024x768.png\" alt=\"\" class=\"wp-image-225593\" srcset=\"https:\/\/corrientesdetarde.com\/wp-content\/uploads\/2025\/09\/image-141-1024x768.png 1024w, https:\/\/corrientesdetarde.com\/wp-content\/uploads\/2025\/09\/image-141-300x225.png 300w, https:\/\/corrientesdetarde.com\/wp-content\/uploads\/2025\/09\/image-141-768x576.png 768w, https:\/\/corrientesdetarde.com\/wp-content\/uploads\/2025\/09\/image-141-1536x1152.png 1536w, https:\/\/corrientesdetarde.com\/wp-content\/uploads\/2025\/09\/image-141.png 1600w\" sizes=\"auto, (max-width: 1024px) 100vw, 1024px\" \/><\/figure>\n","protected":false},"excerpt":{"rendered":"<p>Distintos artistas chamameceros y autoridades del Gobierno de la Provincia se dieron cita hoy, a las 10,30, en el Instituto de Cultura de Corrientes, desde donde se rindi\u00f3 homenaje al&hellip; <\/p>\n","protected":false},"author":8,"featured_media":225591,"comment_status":"closed","ping_status":"open","sticky":false,"template":"","format":"standard","meta":{"footnotes":""},"categories":[15],"tags":[],"class_list":["post-225589","post","type-post","status-publish","format-standard","has-post-thumbnail","hentry","category-cultura"],"_links":{"self":[{"href":"https:\/\/corrientesdetarde.com\/index.php\/wp-json\/wp\/v2\/posts\/225589","targetHints":{"allow":["GET"]}}],"collection":[{"href":"https:\/\/corrientesdetarde.com\/index.php\/wp-json\/wp\/v2\/posts"}],"about":[{"href":"https:\/\/corrientesdetarde.com\/index.php\/wp-json\/wp\/v2\/types\/post"}],"author":[{"embeddable":true,"href":"https:\/\/corrientesdetarde.com\/index.php\/wp-json\/wp\/v2\/users\/8"}],"replies":[{"embeddable":true,"href":"https:\/\/corrientesdetarde.com\/index.php\/wp-json\/wp\/v2\/comments?post=225589"}],"version-history":[{"count":1,"href":"https:\/\/corrientesdetarde.com\/index.php\/wp-json\/wp\/v2\/posts\/225589\/revisions"}],"predecessor-version":[{"id":225594,"href":"https:\/\/corrientesdetarde.com\/index.php\/wp-json\/wp\/v2\/posts\/225589\/revisions\/225594"}],"wp:featuredmedia":[{"embeddable":true,"href":"https:\/\/corrientesdetarde.com\/index.php\/wp-json\/wp\/v2\/media\/225591"}],"wp:attachment":[{"href":"https:\/\/corrientesdetarde.com\/index.php\/wp-json\/wp\/v2\/media?parent=225589"}],"wp:term":[{"taxonomy":"category","embeddable":true,"href":"https:\/\/corrientesdetarde.com\/index.php\/wp-json\/wp\/v2\/categories?post=225589"},{"taxonomy":"post_tag","embeddable":true,"href":"https:\/\/corrientesdetarde.com\/index.php\/wp-json\/wp\/v2\/tags?post=225589"}],"curies":[{"name":"wp","href":"https:\/\/api.w.org\/{rel}","templated":true}]}}