{"id":225669,"date":"2025-09-05T09:58:46","date_gmt":"2025-09-05T12:58:46","guid":{"rendered":"https:\/\/corrientesdetarde.com\/?p=225669"},"modified":"2025-09-05T09:58:54","modified_gmt":"2025-09-05T12:58:54","slug":"de-julia-roberts-a-leonardo-di-caprio-asi-se-despiden-de-giorgio-armani-una-fuerza-legendaria","status":"publish","type":"post","link":"https:\/\/corrientesdetarde.com\/index.php\/tendencias\/de-julia-roberts-a-leonardo-di-caprio-asi-se-despiden-de-giorgio-armani-una-fuerza-legendaria\/","title":{"rendered":"De Julia Roberts a Leonardo Di Caprio, as\u00ed se despiden de Giorgio Armani: \u201cUna fuerza legendaria\u201d"},"content":{"rendered":"\n<p>Personalidades de la moda, el deporte, el cine y la pol\u00edtica resaltaron el talento y todas las cualidades del ic\u00f3nico modisto italiano que muri\u00f3 a los 91 a\u00f1os.<\/p>\n\n\n\n<p>El trabajo del dise\u00f1ador de moda italiano\u00a0<strong>Giorgio Armani<\/strong>\u00a0abarc\u00f3 los mundos de la celebridad, la moda y el poder. Su muerte, anunciada el jueves a los 91 a\u00f1os, ha provocado una avalancha de homenajes.<\/p>\n\n\n\n<p>Ralph Lauren se expres\u00f3: \u201cSiempre he tenido el m\u00e1s&nbsp;<strong>profundo respeto y admiraci\u00f3n por Giorgio Armani<\/strong>, no solo como dise\u00f1ador que nunca se desvi\u00f3 de su visi\u00f3n, sino como un hombre que amaba a su familia y amigos, y a su tierra natal de una manera tan especial. Aunque fue un \u00edcono del mundo de la moda, vivi\u00f3 con gran humildad y un amor por la vida que inspir\u00f3 la forma en que trabajaba y viv\u00eda. Cre\u00f3 un mundo que reflejaba todas las cosas que amaba con una eternidad que ser\u00e1 su legado\u201d. \u2014 dijo el dise\u00f1ador estadounidense, en un comunicado a The Associated Press.<\/p>\n\n\n\n<figure class=\"wp-block-image\"><img decoding=\"async\" src=\"https:\/\/tn.com.ar\/resizer\/v2\/giorgio-armani-murio-a-los-91-anos-foto-apantonio-calanni-archivo-O7GXG3T7ZF6BFCZ2O56PNG4GRQ.jpg?auth=a212ef0a5262cea8a564518b6bd629c950c3dbc6a982da3ca3027a77aaa4162f&amp;width=767\" alt=\"Giorgio Armani muri\u00f3 a los 91 a\u00f1os. (Foto: AP\/Antonio Calanni, archivo)\"\/><\/figure>\n\n\n\n<p>Anna Wintour tambi\u00e9n se expres\u00f3: \u201c<strong>Giorgio Armani<\/strong>&nbsp;ten\u00eda una fuerza de personalidad y visi\u00f3n tan clara que reconoc\u00edas su trabajo al instante, dondequiera que lo encontraras. Entend\u00eda el poder, la actitud y la elegancia tan bien como cualquiera en la moda, y tambi\u00e9n entend\u00eda a las mujeres: c\u00f3mo quer\u00edan vestirse y qu\u00e9 mensaje quer\u00edan enviar al afirmarse a trav\u00e9s de su ascenso en los a\u00f1os 70, 80 y m\u00e1s all\u00e1. Tampoco se confin\u00f3 a un solo campo o disciplina, y entendi\u00f3 que la moda no puede existir en un silo. Para \u00e9l,&nbsp;<strong>la moda no era una sola cosa: tambi\u00e9n era cine, m\u00fasica, deporte, arte, dise\u00f1o y arquitectura<\/strong>, y dej\u00f3 su huella en todos estos mundos, y en todos los lugares a los que fue\u201d, coment\u00f3 la directora de contenido de Cond\u00e9 Nast, en un comunicado.<\/p>\n\n\n\n<figure class=\"wp-block-image\"><img decoding=\"async\" src=\"https:\/\/tn.com.ar\/resizer\/v2\/giorgio-armani-con-su-musa-y-amiga-sofia-loren-foto-reutersstefano-rellandinifile-photo-T3PDB6336LMPEEYLVEH5J7VHCU.jpg?auth=e14099ab7e7910dd507e93a152e61bc5385e2bd663da62f7ba10dd97ac20ac4a&amp;width=767\" alt=\"Giorgio Armani con su musa y amiga Sof\u00eda Loren. (Foto: REUTERS\/Stefano Rellandini\/File Photo)\"\/><\/figure>\n\n\n\n<p><strong>Mira Sorvino<\/strong>&nbsp;tambi\u00e9n se expres\u00f3 sobre el italiano: \u201cTodav\u00eda no puedo creerlo. Quiero decir, me acaban de decir hace como 20 minutos que hab\u00eda fallecido y ni siquiera sab\u00eda que estaba enfermo. Y no lo pensaba como alguien tan mayor, ya sabes. Para m\u00ed, era como eterno: este hombre brillante y amable que era tan talentoso y cre\u00f3 este tipo de glamour sofisticado y discreto que realmente defini\u00f3 los a\u00f1os 90 de alguna manera. Y me descubri\u00f3 en el Festival de Cine de Venecia cuando \u2018Mighty Aphrodite\u2019 se estren\u00f3 all\u00ed y pregunt\u00f3 si pod\u00eda, si \u00e9l pod\u00eda vestirme. Y comenz\u00f3 a vestirme entonces.&nbsp;<strong>Llev\u00e9 sus hermosos dise\u00f1os en la mayor\u00eda de mis momentos m\u00e1s importantes en mi carrera<\/strong>&nbsp;y en mi vida personal. &#8230; Realmente lo extra\u00f1ar\u00e9 y creo que el mundo lo extra\u00f1ar\u00e1\u201d. \u2014 dijo la actriz, en una entrevista con The Associated Press, al recordar c\u00f3mo Armani le hizo un vestido retro para los Oscar y su vestido de boda.<\/p>\n\n\n\n<p><strong>Jessica Chastain<\/strong>&nbsp;se sum\u00f3 a la despedida de los famosos&#8221; \u201cEl se\u00f1or Armani era un visionario. La familia era muy importante para \u00e9l. Sus amigos eran muy importantes para \u00e9l. Era un<strong>&nbsp;artista incre\u00edble<\/strong>. Y su legado continuar\u00e1 a trav\u00e9s de las cosas hermosas que ha creado\u201d. \u2014 dijo la actriz, en una entrevista con AP, al recordar que conoci\u00f3 a su esposo Gian Luca Passi de Preposulo en un desfile de moda de Armani en Par\u00eds en 2012.<\/p>\n\n\n\n<figure class=\"wp-block-image\"><img decoding=\"async\" src=\"https:\/\/tn.com.ar\/resizer\/v2\/giorgio-armani-en-las-escalinatas-de-roma-junto-a-valeria-mazza-em-un-desfile-foto-reutersstringerfile-photo-SG4AGI5G462A3IURUSXMBOYTEU.jpg?auth=29c9468029a2688c7115d9deddd9fa811d4d28e4da1e93584b5edce5a4150bde&amp;width=767\" alt=\"Giorgio Armani en las escalinatas de Roma junto a Valeria Mazza em un desfile. (Foto: REUTERS\/Stringer\/File Photo)\"\/><\/figure>\n\n\n\n<p>Leonardo DiCaprio no se qued\u00f3 atr\u00e1s: \u201cGiorgio Armani fue un&nbsp;<strong>visionario cuya influencia se extendi\u00f3 mucho m\u00e1s all\u00e1 del dise\u00f1o<\/strong>. Lo conoc\u00ed por primera vez hace muchos a\u00f1os en Mil\u00e1n y recuerdo haber quedado impresionado por su creatividad y genio. Fue una&nbsp;<strong>fuerza legendaria que inspir\u00f3 a generaciones<\/strong>, y su legado continuar\u00e1 moldeando y elevando al mundo durante a\u00f1os\u201d, escribi\u00f3 el actor, en su historia de Instagram.<\/p>\n\n\n\n<p>Donatella Versace, su colega, tambi\u00e9n record\u00f3 a Armani. \u201cEl mundo perdi\u00f3 a un gigante hoy.&nbsp;<strong>Hizo historia y ser\u00e1 recordado para siempre<\/strong>\u201d, escribi\u00f3 la dise\u00f1adora de moda italiana, en Instagram.<\/p>\n\n\n\n<p>Julia Roberts se sincer\u00f3 a puro coraz\u00f3n: \u201cUn verdadero amigo. Una leyenda\u201d, escribi\u00f3 la actriz en Instagram y a\u00f1adi\u00f3 un emoji de coraz\u00f3n roto.<\/p>\n\n\n\n<figure class=\"wp-block-image\"><img decoding=\"async\" src=\"https:\/\/tn.com.ar\/resizer\/v2\/giorgio-armani-junto-a-julia-roberts-en-la-met-gala-de-2008-foto-stephen-lovekin-getty-images-north-america-getty-images-via-afp-RU5MAXDMKVB2FMFJRQUIKCOZEU.png?auth=39c1044a17e19acdcca46d51460c2b73ad2d0109c92d7147ae165785bd628121&amp;width=767\" alt=\"Giorgio Armani junto a Julia Roberts en la Met Gala de 2008. (Foto: Stephen Lovekin \/ Getty Images North America \/ Getty Images via AFP)\"\/><\/figure>\n\n\n\n<p>Morgan Freeman tambi\u00e9n lo record\u00f3: \u201cEn la pantalla y fuera de ella, en momentos tranquilos y en los escenarios m\u00e1s grandiosos,&nbsp;<strong>he tenido el honor de vestir Armani.<\/strong>&nbsp;Hoy recordamos a un hombre cuyo genio toc\u00f3 muchas vidas y cuyo legado de gracia y estilo atemporal perdurar\u00e1\u201d, dijo el actor, en un comunicado.<\/p>\n\n\n\n<p>Charles Leclerc, embajador de Armani, se expres\u00f3 en Instagram: \u201cFue un gran honor haber tenido la oportunidad de&nbsp;<strong>conocer y trabajar con una persona tan incre\u00edble<\/strong>. Te extra\u00f1aremos, Giorgio\u201d, escribi\u00f3 el piloto de Ferrari F1.<\/p>\n\n\n\n<p>Giorgia Meloni cit\u00f3 al modisto italiano en las redes: \u201cGiorgio Armani nos deja a los 91 a\u00f1os. Con su elegancia, sobriedad y creatividad, fue capaz de&nbsp;<strong>dar brillo a la moda italiana e inspirar al mundo entero<\/strong>. Un \u00edcono, un trabajador incansable, un s\u00edmbolo de lo mejor de Italia. Gracias por todo\u201d, escribi\u00f3 la primera ministra italiana, en sus cuentas de redes sociales y originalmente publicado en italiano.<\/p>\n\n\n\n<p><strong>Victoria Beckham<\/strong>&nbsp;no qued\u00f3 afuera de los homenajes: \u201cEl mundo de la moda ha perdido a una&nbsp;<strong>verdadera leyenda<\/strong>&nbsp;con Giorgio Armani, un dise\u00f1ador visionario cuyo legado vivir\u00e1 para siempre. Me siento honrada de haberlo llamado amigo\u201d, escribi\u00f3 la dise\u00f1adora de moda inglesa y ex Spice Girl, en Instagram.<\/p>\n\n\n\n<figure class=\"wp-block-image\"><img decoding=\"async\" src=\"https:\/\/tn.com.ar\/resizer\/v2\/david-beckham-y-giorgio-armani-al-terminar-uno-de-sus-desfiles-foto-reutersalessandro-garofalofile-photo-MU4W6RYQSSUVDC4FGYX4REIIMQ.jpg?auth=d39055fe243bcb4a3f02a8a3f32d1fe7cc917e6ccd9c0d36b15bc9d0db987dc8&amp;width=767\" alt=\"David Beckham y Giorgio Armani al terminar uno de sus desfiles. (Foto: REUTERS\/Alessandro Garofalo\/File Photo)\"\/><\/figure>\n\n\n\n<p><strong>Russell Crowe<\/strong>&nbsp;record\u00f3 an\u00e9cdotas con Armani: \u201cGiorgio. 1997 en el festival de cine de Cannes, despu\u00e9s de que mi maleta se perdiera, el productor de LA Confidential, Arnon Milchan, me envi\u00f3 a la tienda de Armani con una tarjeta de cr\u00e9dito para conseguir un traje para el estreno. Eso comenz\u00f3 un&nbsp;<strong>romance con los trajes de Armani que contin\u00faa hasta hoy<\/strong>. El Sr. Armani ha hecho una profunda contribuci\u00f3n, a la moda, al dise\u00f1o, a la cultura popular. Su energ\u00eda, visi\u00f3n y delicadeza han dejado una marca reconocida en todo el mundo.&nbsp;<strong>Lo adoraba<\/strong>. Era tan amable. Tantos momentos significativos en mi vida, premios, boda, Wimbledon&#8230;&nbsp;<strong>todos en Armani<\/strong>. Estaba deseando verlo, hab\u00eda planes para Mil\u00e1n a finales de este mes. Lamentablemente&#8230; Qu\u00e9 vida tuvo, desde sus comienzos hasta su gloria\u201d, escribi\u00f3 el actor, en X.<\/p>\n\n\n\n<h2 class=\"wp-block-heading\">De Valentino a Cindy Crawford, el recuerdo a Armani<\/h2>\n\n\n\n<p>Valentino Garavani record\u00f3 a su gran amigo&#8221; \u201cLamento la p\u00e9rdida de alguien a quien siempre consider\u00e9 un amigo, nunca un rival. Solo puedo inclinarme ante su&nbsp;<strong>inmenso talento, los cambios que trajo a la moda y, sobre todo, su lealtad inquebrantable a un estilo: el suyo<\/strong>\u201d, escribi\u00f3 el dise\u00f1ador italiano en Instagram.<\/p>\n\n\n\n<p>Cindy Crawford, una de sus modelos preferidas, exores\u00f3: \u201cCon el coraz\u00f3n roto al escuchar sobre el fallecimiento de una leyenda.&nbsp;<strong>Un verdadero maestro de su oficio<\/strong>\u201d, dijo en Instagram.<\/p>\n\n\n\n<figure class=\"wp-block-image\"><img decoding=\"async\" src=\"https:\/\/tn.com.ar\/resizer\/v2\/penelope-cruz-con-giorgio-armani-foto-reutersphil-mccartenfile-photo-GSXEO4BRXL7DL6T5NJ5AOQXKTU.jpg?auth=7dcba33e370b7798f93c2fb64b2702e9d7c722f6d873730016594bdf6ce6d843&amp;width=767\" alt=\"Penelope Cruz con Giorgio Armani. (Foto: REUTERS\/Phil McCarten\/File Photo)\"\/><\/figure>\n\n\n\n<p>Diane Von Furstenberg despidi\u00f3 a su colega: \u201cAdi\u00f3s y descansa en paz. \u00a1Caro Giorgio! Has tocado a tantas personas con tu elegancia y seguir\u00e1s inspirando para siempre\u201d, coment\u00f3 la dise\u00f1adora belga en Instagram.<\/p>\n\n\n\n<p>Michelle Pfeiffer reconoci\u00f3 su tristeza por este momento. \u201cEstoy con el coraz\u00f3n roto al escuchar sobre el fallecimiento del Sr. Armani.&nbsp;<strong>Amable, generoso y leal<\/strong>. Un verdadero pionero de la elegancia. Una inspiraci\u00f3n global. Y hoy, una p\u00e9rdida masiva para todos. Gracias por todo, Sr. Armani,&nbsp;<strong>fue un honor y un privilegio trabajar con usted en tantas ocasiones trascendentales de mi vida<\/strong>&nbsp;y presenciar su arte de primera mano\u201d, escribi\u00f3 la actriz en Instagram.<\/p>\n\n\n\n<p>Finalmente, Diane Kruger fue otra de las famosas que se sum\u00f3 al adi\u00f3s a Giorgio Armani. \u201cIncre\u00edblemente triste al escuchar sobre el fallecimiento de Giorgio Armani. U<strong>na de las personas m\u00e1s amables y mentores que tuve la suerte de conocer y trabajar con \u00e9l<\/strong>. Mis condolencias para Roberta y su familia y todos los que trabajaron con \u00e9l&#8221;, coment\u00f3 la actriz en Instagram.<\/p>\n","protected":false},"excerpt":{"rendered":"<p>Personalidades de la moda, el deporte, el cine y la pol\u00edtica resaltaron el talento y todas las cualidades del ic\u00f3nico modisto italiano que muri\u00f3 a los 91 a\u00f1os. El trabajo&hellip; <\/p>\n","protected":false},"author":8,"featured_media":225670,"comment_status":"closed","ping_status":"open","sticky":false,"template":"","format":"standard","meta":{"footnotes":""},"categories":[28],"tags":[],"class_list":["post-225669","post","type-post","status-publish","format-standard","has-post-thumbnail","hentry","category-tendencias"],"_links":{"self":[{"href":"https:\/\/corrientesdetarde.com\/index.php\/wp-json\/wp\/v2\/posts\/225669","targetHints":{"allow":["GET"]}}],"collection":[{"href":"https:\/\/corrientesdetarde.com\/index.php\/wp-json\/wp\/v2\/posts"}],"about":[{"href":"https:\/\/corrientesdetarde.com\/index.php\/wp-json\/wp\/v2\/types\/post"}],"author":[{"embeddable":true,"href":"https:\/\/corrientesdetarde.com\/index.php\/wp-json\/wp\/v2\/users\/8"}],"replies":[{"embeddable":true,"href":"https:\/\/corrientesdetarde.com\/index.php\/wp-json\/wp\/v2\/comments?post=225669"}],"version-history":[{"count":1,"href":"https:\/\/corrientesdetarde.com\/index.php\/wp-json\/wp\/v2\/posts\/225669\/revisions"}],"predecessor-version":[{"id":225671,"href":"https:\/\/corrientesdetarde.com\/index.php\/wp-json\/wp\/v2\/posts\/225669\/revisions\/225671"}],"wp:featuredmedia":[{"embeddable":true,"href":"https:\/\/corrientesdetarde.com\/index.php\/wp-json\/wp\/v2\/media\/225670"}],"wp:attachment":[{"href":"https:\/\/corrientesdetarde.com\/index.php\/wp-json\/wp\/v2\/media?parent=225669"}],"wp:term":[{"taxonomy":"category","embeddable":true,"href":"https:\/\/corrientesdetarde.com\/index.php\/wp-json\/wp\/v2\/categories?post=225669"},{"taxonomy":"post_tag","embeddable":true,"href":"https:\/\/corrientesdetarde.com\/index.php\/wp-json\/wp\/v2\/tags?post=225669"}],"curies":[{"name":"wp","href":"https:\/\/api.w.org\/{rel}","templated":true}]}}