{"id":225677,"date":"2025-09-05T10:26:39","date_gmt":"2025-09-05T13:26:39","guid":{"rendered":"https:\/\/corrientesdetarde.com\/?p=225677"},"modified":"2025-09-05T10:27:11","modified_gmt":"2025-09-05T13:27:11","slug":"el-gobierno-asegura-que-la-auditoria-en-andis-se-demorara-porque-la-justicia-incauto-documentos-clave","status":"publish","type":"post","link":"https:\/\/corrientesdetarde.com\/index.php\/politica\/el-gobierno-asegura-que-la-auditoria-en-andis-se-demorara-porque-la-justicia-incauto-documentos-clave\/","title":{"rendered":"El Gobierno asegura que la auditor\u00eda en ANDIS se demorar\u00e1 porque la Justicia incaut\u00f3 documentos clave"},"content":{"rendered":"\n<p>El Ejecutivo estudia alternativas legales para solicitar copias de los expedientes que la polic\u00eda retir\u00f3 en los primeros allanamientos. El Gabinete todav\u00eda no tiene informaci\u00f3n sobre los contratos del organismo con la droguer\u00eda Suizo Argentina.<\/p>\n\n\n\n<p><a href=\"https:\/\/tn.com.ar\/autor\/Isalerno\/\"><\/a><\/p>\n\n\n\n<p><strong>El\u00a0Gobierno\u00a0advierte que la auditor\u00eda en la Agencia Nacional de\u00a0Discapacidad\u00a0(ANDIS) se demorar\u00e1 porque la Justicia<\/strong>\u00a0incaut\u00f3 documentos clave. Se trata de facturas de compras del organismo que fueron retiradas luego del primer allanamiento a sus sedes principales, que est\u00e1n vinculadas con la adquisici\u00f3n de medicamentos a distintas droguer\u00edas.<\/p>\n\n\n\n<p>Son compras que<strong>&nbsp;no est\u00e1n registradas<\/strong>&nbsp;en portales p\u00fablicos y que fueron ejecutadas sin trazabilidad de la administraci\u00f3n del Ministerio de Salud. Es por eso que el Ejecutivo&nbsp;<strong>estudia distintas alternativas legales para solicitarle a la Justicia copias de los expedientes<\/strong>. \u201cEl Estado no forma parte de la causa. Estamos viendo la figura bajo la cual pedirlo\u201d, agregan.<\/p>\n\n\n\n<p>Los equipos t\u00e9cnicos del interventor de la agencia, Alberto Vilches,&nbsp;<strong>le pidieron adem\u00e1s a la Polic\u00eda de la Ciudad que no se lleve m\u00e1s documentaci\u00f3n junto a servidores en la segunda tanda de allanamientos&nbsp;<\/strong>que se realizaron el viernes. Luego, acercaron posiciones y acordaron realizar copias. Es la raz\u00f3n por la que los auditores comenzaron a revisar los procesos de compra reci\u00e9n este lunes.<\/p>\n\n\n\n<p>En la Casa Rosada\u00a0<strong>esperan que el sumario dentro de la ANDIS dure como m\u00e1ximo seis meses<\/strong>\u00a0y que los resultados de la auditor\u00eda est\u00e9n a mediados de octubre. Seg\u00fan pudo saber\u00a0, el gabinete todav\u00eda no tiene informaci\u00f3n sobre el detalle de los contratos del organismo con la droguer\u00eda Suizo Argentina y sospecha que el procedimiento utilizado fueron diferentes compulas de precios.<\/p>\n\n\n\n<figure class=\"wp-block-image\"><img decoding=\"async\" src=\"https:\/\/tn.com.ar\/resizer\/v2\/la-casa-rosada-asegura-que-por-el-momento-no-desplazara-a-ningun-funcionario-del-organismo-mas-alla-del-extitular-diego-spagnuolo-foto-andis-OPV2MDIHINFJNN6KWQS4TRANJ4.jpg?auth=08db8fe7aa5dfa91df22a7d833a507e7856956d9de9d8629b24b2ce2e0f4c51d&amp;width=767\" alt=\"La Casa Rosada asegura que por el momento no desplazar\u00e1 a ning\u00fan funcionario del organismo m\u00e1s all\u00e1 del extitular Diego Spagnuolo (Foto: ANDIS).\"\/><\/figure>\n\n\n\n<p>El Gobierno sospecha que hubo sobreprecios en las compras de la Agencia de Discapacidad, pero&nbsp;<strong>desmiente las versiones sobre los primeros datos preliminares de la auditor\u00eda<\/strong>, que apuntan a un 27% de incremento del precio de un mismo producto en dos instancias cercanas. \u201cNo hay forma de que esos n\u00fameros hayan salido de la auditor\u00eda porque todav\u00eda no hab\u00eda arrancado\u201d, expresan en Naci\u00f3n.<\/p>\n\n\n\n<p>El Ejecutivo tambi\u00e9n puso la mira sobre la estructura de la ANDIS, que&nbsp;<strong>cuenta con 921 empleados y tiene adjudicado un presupuesto de $3,74 billones<\/strong>. Seg\u00fan datos del Ministerio de Econom\u00eda, $3,1 billones se derivan a gastos de \u201cseguridad social\u201d, $556.054,96 millones a \u201csalud\u201d y $5300 millones a \u201cpromoci\u00f3n y asistencia\u201d.<\/p>\n\n\n\n<p>La Casa Rosada&nbsp;<strong>asegura que por el momento no desplazar\u00e1 a ning\u00fan funcionario del organismo, m\u00e1s all\u00e1 del extitular Diego Spagnuolo<\/strong>&nbsp;y del director nacional de Acceso a los Servicios de Salud de la ANDIS, Daniel Garbellini. Definir\u00e1 nuevos cambios en la estructura interna luego de centralizar la agencia y de que sus procesos dependan directamente del Ministerio de Salud.<\/p>\n\n\n\n<p>\u201cQueremos que las compras se hagan directo a los laboratorios para conseguir el descuento que les dan a las droguer\u00edas\u201d, agregan en el oficialismo. L<strong>a tercera parte de la auditor\u00eda abarca a las pensiones por invalidez que fueron derogadas en los \u00faltimos meses<\/strong>. En Balcarce 50 tienen indicios de que hubo irregularidades en algunos procesos.<\/p>\n","protected":false},"excerpt":{"rendered":"<p>El Ejecutivo estudia alternativas legales para solicitar copias de los expedientes que la polic\u00eda retir\u00f3 en los primeros allanamientos. El Gabinete todav\u00eda no tiene informaci\u00f3n sobre los contratos del organismo&hellip; <\/p>\n","protected":false},"author":8,"featured_media":225678,"comment_status":"closed","ping_status":"open","sticky":false,"template":"","format":"standard","meta":{"footnotes":""},"categories":[3],"tags":[],"class_list":["post-225677","post","type-post","status-publish","format-standard","has-post-thumbnail","hentry","category-politica"],"_links":{"self":[{"href":"https:\/\/corrientesdetarde.com\/index.php\/wp-json\/wp\/v2\/posts\/225677","targetHints":{"allow":["GET"]}}],"collection":[{"href":"https:\/\/corrientesdetarde.com\/index.php\/wp-json\/wp\/v2\/posts"}],"about":[{"href":"https:\/\/corrientesdetarde.com\/index.php\/wp-json\/wp\/v2\/types\/post"}],"author":[{"embeddable":true,"href":"https:\/\/corrientesdetarde.com\/index.php\/wp-json\/wp\/v2\/users\/8"}],"replies":[{"embeddable":true,"href":"https:\/\/corrientesdetarde.com\/index.php\/wp-json\/wp\/v2\/comments?post=225677"}],"version-history":[{"count":1,"href":"https:\/\/corrientesdetarde.com\/index.php\/wp-json\/wp\/v2\/posts\/225677\/revisions"}],"predecessor-version":[{"id":225679,"href":"https:\/\/corrientesdetarde.com\/index.php\/wp-json\/wp\/v2\/posts\/225677\/revisions\/225679"}],"wp:featuredmedia":[{"embeddable":true,"href":"https:\/\/corrientesdetarde.com\/index.php\/wp-json\/wp\/v2\/media\/225678"}],"wp:attachment":[{"href":"https:\/\/corrientesdetarde.com\/index.php\/wp-json\/wp\/v2\/media?parent=225677"}],"wp:term":[{"taxonomy":"category","embeddable":true,"href":"https:\/\/corrientesdetarde.com\/index.php\/wp-json\/wp\/v2\/categories?post=225677"},{"taxonomy":"post_tag","embeddable":true,"href":"https:\/\/corrientesdetarde.com\/index.php\/wp-json\/wp\/v2\/tags?post=225677"}],"curies":[{"name":"wp","href":"https:\/\/api.w.org\/{rel}","templated":true}]}}