{"id":225683,"date":"2025-09-05T10:35:25","date_gmt":"2025-09-05T13:35:25","guid":{"rendered":"https:\/\/corrientesdetarde.com\/?p=225683"},"modified":"2025-09-05T10:35:48","modified_gmt":"2025-09-05T13:35:48","slug":"masterchef-celebrity-2025-la-lista-de-todos-los-participantes-confirmados","status":"publish","type":"post","link":"https:\/\/corrientesdetarde.com\/index.php\/espectaculos\/masterchef-celebrity-2025-la-lista-de-todos-los-participantes-confirmados\/","title":{"rendered":"MasterChef Celebrity 2025: la lista de todos los participantes confirmados"},"content":{"rendered":"\n<p>Los elegidos para encender las \u201chornallas m\u00e1s famosas del pa\u00eds\u201d prometen una edici\u00f3n que no pasar\u00e1 desapercibida.<\/p>\n\n\n\n<p>Se acerca el estreno de una nueva temporada de&nbsp;<strong>MasterChef Celebrity<\/strong>, uno de los programas m\u00e1s exitosos de la televisi\u00f3n argentina.<\/p>\n\n\n\n<p>Este jueves,&nbsp;<strong>Wanda Nara<\/strong>&nbsp;y&nbsp;<strong>Vero Lozano<\/strong>, conductoras del reality, revelaron&nbsp;<strong>20 de los 24 participantes<\/strong>&nbsp;que formar\u00e1n parte de la edici\u00f3n 2025.<\/p>\n\n\n\n<figure class=\"wp-block-image\"><img decoding=\"async\" src=\"https:\/\/tn.com.ar\/resizer\/v2\/las-conductoras-anunciaron-a-los-famosos-en-un-programa-especial-foto-telefe-SWK3MDPQPBHQ5MWRQT44W6ZVFA.png?auth=69af22e9d3b3db3994097c5d856e865dcf11bcfd51622bfe5650f9fadf1fe925&amp;width=767\" alt=\"Las conductoras anunciaron a los famosos en un programa especial (Foto: Telefe)\"\/><\/figure>\n\n\n\n<p>As\u00ed,&nbsp;<em><strong>Telefe&nbsp;<\/strong><\/em>puso fin a las especulaciones sobre los posibles elegidos y public\u00f3 la lista oficial de quienes debutar\u00e1n el pr\u00f3ximo&nbsp;<strong>30 de septiembre.<\/strong><\/p>\n\n\n\n<p>Entre los hombres, los participantes anunciados son los siguientes:<\/p>\n\n\n\n<ul class=\"wp-block-list\">\n<li><strong>Agust\u00edn \u201cCachete\u201d Sierra<\/strong><\/li>\n\n\n\n<li><strong>Alejo \u201cAlex Pelao\u201d Cruzado Antonelli<\/strong><\/li>\n\n\n\n<li><strong>Andr\u00e9s \u201cAndy Chango\u201d Fejerman<\/strong><\/li>\n\n\n\n<li><strong>Claudio \u201cTurco\u201d Husa\u00edn<\/strong><\/li>\n\n\n\n<li><strong>Diego \u201cPeque\u201d Schwartzman<\/strong><\/li>\n\n\n\n<li><strong>Esteban Mirol<\/strong><\/li>\n\n\n\n<li><strong>Ian Lucas<\/strong><\/li>\n\n\n\n<li><strong>Luis Ventura<\/strong><\/li>\n\n\n\n<li><strong>Maximiliano L\u00f3pez<\/strong><\/li>\n\n\n\n<li><strong>Pablo Lescano<\/strong><\/li>\n\n\n\n<li><strong>Ro\u00f1a Castro<\/strong><\/li>\n<\/ul>\n\n\n\n<p>Por el lado de las mujeres, estos son los integrantes confirmados:<\/p>\n\n\n\n<ul class=\"wp-block-list\">\n<li><strong>Emilia Attias<\/strong><\/li>\n\n\n\n<li><strong>Eugenia Tobal<\/strong><\/li>\n\n\n\n<li><strong>Evangelina Anderson<\/strong><\/li>\n\n\n\n<li><strong>Joaquinha \u201cLa Joaqui\u201d Lerena de la Riva<\/strong><\/li>\n\n\n\n<li><strong>Susana Roccasalvo<\/strong><\/li>\n\n\n\n<li><strong>Marisa \u201cMarixa Balli\u201d Caballi<\/strong><\/li>\n\n\n\n<li><strong>Romina \u201cMomi\u201d Giardina<\/strong><\/li>\n\n\n\n<li><strong>Sof\u00eda Mart\u00ednez<\/strong><\/li>\n\n\n\n<li><strong>Valentina Cervantes<\/strong><\/li>\n<\/ul>\n\n\n\n<p>Con esto, se confirma un total de 20 de los 24 participantes para la nueva entrega. Seg\u00fan la informaci\u00f3n que se filtr\u00f3 hace algunos d\u00edas, a\u00fan restar\u00edan por confirmarse&nbsp;<strong>Emmanuel Horvilleur, Leandro \u201cChino\u201d Leunis<\/strong>,<strong>&nbsp;Sof\u00eda \u201cLa Reini\u201d Gonet&nbsp;<\/strong>y<strong>&nbsp;Julia Calvo<\/strong>.<\/p>\n\n\n\n<figure class=\"wp-block-image\"><img decoding=\"async\" src=\"https:\/\/tn.com.ar\/resizer\/v2\/wanda-nara-sera-una-vez-mas-la-cara-de-masterchef-celebrity-que-comenzara-el-30-de-septiembre-foto-telefe-VIXUIMDPHJELVHQLC6BL5P72O4.png?auth=cd71e430476d6939c19401f1fdd05abf32fbb256776181d169f22907d289e119&amp;width=767\" alt=\"Wanda Nara ser\u00e1 una vez m\u00e1s la cara de Masterchef Celebrity, que comenzar\u00e1 el 30 de septiembre (Foto: Telefe)\"\/><\/figure>\n\n\n\n<p>La confirmaci\u00f3n de nombres de influencers, modelos, m\u00fasicos y deportistas demuestra que en esta edici\u00f3n del reality m\u00e1s visto del pa\u00eds, Telefe apunta a<strong>&nbsp;figuras del momento<\/strong>: muchas de ellas envueltas en pol\u00e9micas y otras en pleno auge de su carrera.<\/p>\n\n\n\n<p>Algunas de las historias que m\u00e1s prometen dar de qu\u00e9 hablar son la reciente separaci\u00f3n de&nbsp;<strong>Evangelina Anderson&nbsp;<\/strong>en medio de un esc\u00e1ndalo con&nbsp;<strong>Mart\u00edn Demichelis&nbsp;<\/strong>y la inesperada noticia de que&nbsp;<strong>Wanda Nara<\/strong>&nbsp;trabajar\u00e1 en la gran pantalla junto a su ex pareja&nbsp;<strong>Maxi L\u00f3pez.<\/strong><\/p>\n\n\n\n<p><\/p>\n","protected":false},"excerpt":{"rendered":"<p>Los elegidos para encender las \u201chornallas m\u00e1s famosas del pa\u00eds\u201d prometen una edici\u00f3n que no pasar\u00e1 desapercibida. Se acerca el estreno de una nueva temporada de&nbsp;MasterChef Celebrity, uno de los&hellip; <\/p>\n","protected":false},"author":8,"featured_media":225684,"comment_status":"closed","ping_status":"open","sticky":false,"template":"","format":"standard","meta":{"footnotes":""},"categories":[19],"tags":[],"class_list":["post-225683","post","type-post","status-publish","format-standard","has-post-thumbnail","hentry","category-espectaculos"],"_links":{"self":[{"href":"https:\/\/corrientesdetarde.com\/index.php\/wp-json\/wp\/v2\/posts\/225683","targetHints":{"allow":["GET"]}}],"collection":[{"href":"https:\/\/corrientesdetarde.com\/index.php\/wp-json\/wp\/v2\/posts"}],"about":[{"href":"https:\/\/corrientesdetarde.com\/index.php\/wp-json\/wp\/v2\/types\/post"}],"author":[{"embeddable":true,"href":"https:\/\/corrientesdetarde.com\/index.php\/wp-json\/wp\/v2\/users\/8"}],"replies":[{"embeddable":true,"href":"https:\/\/corrientesdetarde.com\/index.php\/wp-json\/wp\/v2\/comments?post=225683"}],"version-history":[{"count":1,"href":"https:\/\/corrientesdetarde.com\/index.php\/wp-json\/wp\/v2\/posts\/225683\/revisions"}],"predecessor-version":[{"id":225685,"href":"https:\/\/corrientesdetarde.com\/index.php\/wp-json\/wp\/v2\/posts\/225683\/revisions\/225685"}],"wp:featuredmedia":[{"embeddable":true,"href":"https:\/\/corrientesdetarde.com\/index.php\/wp-json\/wp\/v2\/media\/225684"}],"wp:attachment":[{"href":"https:\/\/corrientesdetarde.com\/index.php\/wp-json\/wp\/v2\/media?parent=225683"}],"wp:term":[{"taxonomy":"category","embeddable":true,"href":"https:\/\/corrientesdetarde.com\/index.php\/wp-json\/wp\/v2\/categories?post=225683"},{"taxonomy":"post_tag","embeddable":true,"href":"https:\/\/corrientesdetarde.com\/index.php\/wp-json\/wp\/v2\/tags?post=225683"}],"curies":[{"name":"wp","href":"https:\/\/api.w.org\/{rel}","templated":true}]}}