{"id":225700,"date":"2025-09-05T11:21:23","date_gmt":"2025-09-05T14:21:23","guid":{"rendered":"https:\/\/corrientesdetarde.com\/?p=225700"},"modified":"2025-09-05T11:21:25","modified_gmt":"2025-09-05T14:21:25","slug":"semana-cultural-portena-con-amplias-opciones-para-todas-las-edades","status":"publish","type":"post","link":"https:\/\/corrientesdetarde.com\/index.php\/cultura\/semana-cultural-portena-con-amplias-opciones-para-todas-las-edades\/","title":{"rendered":"SEMANA CULTURAL PORTE\u00d1A CON AMPLIAS OPCIONES PARA TODAS LAS EDADES"},"content":{"rendered":"\n<p>(Bel\u00e9n Papa Orfano) &#8211; Esta semana la propuesta incluye muchos museos, que presentan talleres para chicos, recorridos por sus jardines y visitas guiadas de la mano de sus artistas. Adem\u00e1s, cine japon\u00e9s y un ciclo de cl\u00e1sicos del rock argentino.<\/p>\n\n\n\n<p>ARTE<\/p>\n\n\n\n<p>El Museo Perlotti organiza la visita guiada \u201cAtardecer en un bosque\u201d con la presencia del artista, Tadeo Muleiro, y la curadora Jen Zapata. A trav\u00e9s del di\u00e1logo entre ambos se invita a explorar c\u00f3mo las esculturas textiles de Muleiro \u2014desde su materialidad porosa y su activaci\u00f3n l\u00fadica\u2014 habilitan nuevas formas de percepci\u00f3n, relaci\u00f3n y pensamiento compartido con otras formas de vida. En este tr\u00e1nsito, la sala se convierte en un umbral simb\u00f3lico hacia lo ancestral, lo oculto y lo indeterminado<br>La invitaci\u00f3n es el s\u00e1bado 6 a las 17 horas. No requiere inscripci\u00f3n previa y la actividad est\u00e1 incluida con entrada del museo.<\/p>\n\n\n\n<p>Museo Perlotti &#8211; Pujol 644<\/p>\n\n\n\n<p>M\u00daSICA<\/p>\n\n\n\n<p>El Centro Cultural Recoleta lanza el ciclo \u201cCanci\u00f3n sobre canci\u00f3n\u201d, que rinde tributo a los artistas de una d\u00e9cada musical de la Argentina. Se desarrollar\u00e1 todos los viernes de septiembre y comienza esta semana a las 19.30 con la presentaci\u00f3n de Sebasti\u00e1n Furman. La agenda contin\u00faa con Daniela Herrero, Rosario Ortega y Los Atorrantos.<\/p>\n\n\n\n<p>Centro Cultural Recoleta &#8211; Jun\u00edn 1530<\/p>\n\n\n\n<p>TEATRO<\/p>\n\n\n\n<p>Antonio Grimau protagoniza D\u00e9jame amarte, bajo la direcci\u00f3n de Irina Alonso, un culebr\u00f3n con canciones, abrigos de piel y pasiones que desaf\u00edan la cordura.<br>Funciones el s\u00e1bado 6 y domingos 7, 14, 21 y 28 a las 18 horas en el Centro Cultural 25 de Mayo. Las entradas son sin costo con reserva previa en la web de Entradas BA y en la boleter\u00eda del teatro.<\/p>\n\n\n\n<p>Centro Cultural 25 de Mayo &#8211; Av. Triunvirato 4444<\/p>\n\n\n\n<p>CINE<\/p>\n\n\n\n<p>En la Sala Leopoldo Lugones del Teatro San Mart\u00edn se llevar\u00e1 a cabo un ciclo homenaje al cineasta japon\u00e9s Seijun Suzuki. Se proyectar\u00e1n diez pel\u00edculas del director nip\u00f3n en copias de 35mm enviadas especialmente desde Tokio. Las entradas est\u00e1n disponibles en www.complejoteatral.gob.ar<\/p>\n\n\n\n<p>Teatro San Mart\u00edn (Av. Corrientes 1530)<\/p>\n\n\n\n<p>PARA LOS M\u00c1S CHICOS<br>El Museo Hist\u00f3rico Cornelio Saavedra abre sus puertas para salir a jugar. El taller El Saavedra se la juega es una invitaci\u00f3n para que la comunidad, especialmente a los ni\u00f1os, habiten el jard\u00edn participando de una posta de juegos con historia. Habr\u00e1 propuestas l\u00fadicas que fueron populares tanto durante el periodo colonial, como despu\u00e9s de la Revoluci\u00f3n de Mayo y a lo largo del siglo XIX.<br>Los s\u00e1bados 6 y 13 a las 15 horas en el Museo Saavedra. La actividad no requiere inscripci\u00f3n previa y est\u00e1 incluida con la entrada del museo.<br>Museo Saavedra &#8211; Cris\u00f3logo Larralde 6309<\/p>\n","protected":false},"excerpt":{"rendered":"<p>(Bel\u00e9n Papa Orfano) &#8211; Esta semana la propuesta incluye muchos museos, que presentan talleres para chicos, recorridos por sus jardines y visitas guiadas de la mano de sus artistas. Adem\u00e1s,&hellip; <\/p>\n","protected":false},"author":11,"featured_media":225703,"comment_status":"closed","ping_status":"open","sticky":false,"template":"","format":"standard","meta":{"footnotes":""},"categories":[15],"tags":[],"class_list":["post-225700","post","type-post","status-publish","format-standard","has-post-thumbnail","hentry","category-cultura"],"_links":{"self":[{"href":"https:\/\/corrientesdetarde.com\/index.php\/wp-json\/wp\/v2\/posts\/225700","targetHints":{"allow":["GET"]}}],"collection":[{"href":"https:\/\/corrientesdetarde.com\/index.php\/wp-json\/wp\/v2\/posts"}],"about":[{"href":"https:\/\/corrientesdetarde.com\/index.php\/wp-json\/wp\/v2\/types\/post"}],"author":[{"embeddable":true,"href":"https:\/\/corrientesdetarde.com\/index.php\/wp-json\/wp\/v2\/users\/11"}],"replies":[{"embeddable":true,"href":"https:\/\/corrientesdetarde.com\/index.php\/wp-json\/wp\/v2\/comments?post=225700"}],"version-history":[{"count":1,"href":"https:\/\/corrientesdetarde.com\/index.php\/wp-json\/wp\/v2\/posts\/225700\/revisions"}],"predecessor-version":[{"id":225704,"href":"https:\/\/corrientesdetarde.com\/index.php\/wp-json\/wp\/v2\/posts\/225700\/revisions\/225704"}],"wp:featuredmedia":[{"embeddable":true,"href":"https:\/\/corrientesdetarde.com\/index.php\/wp-json\/wp\/v2\/media\/225703"}],"wp:attachment":[{"href":"https:\/\/corrientesdetarde.com\/index.php\/wp-json\/wp\/v2\/media?parent=225700"}],"wp:term":[{"taxonomy":"category","embeddable":true,"href":"https:\/\/corrientesdetarde.com\/index.php\/wp-json\/wp\/v2\/categories?post=225700"},{"taxonomy":"post_tag","embeddable":true,"href":"https:\/\/corrientesdetarde.com\/index.php\/wp-json\/wp\/v2\/tags?post=225700"}],"curies":[{"name":"wp","href":"https:\/\/api.w.org\/{rel}","templated":true}]}}