{"id":225710,"date":"2025-09-05T12:28:46","date_gmt":"2025-09-05T15:28:46","guid":{"rendered":"https:\/\/corrientesdetarde.com\/?p=225710"},"modified":"2025-09-05T12:28:58","modified_gmt":"2025-09-05T15:28:58","slug":"los-ministros-de-salud-y-educacion-firmaron-convenios-para-la-formacion-de-alumnos-de-enfermeria","status":"publish","type":"post","link":"https:\/\/corrientesdetarde.com\/index.php\/locales\/los-ministros-de-salud-y-educacion-firmaron-convenios-para-la-formacion-de-alumnos-de-enfermeria\/","title":{"rendered":"Los ministros de Salud y Educaci\u00f3n firmaron convenios para la formaci\u00f3n de alumnos de Enfermer\u00eda"},"content":{"rendered":"\n<p><em>Acordaron las pr\u00e1cticas en hospitales y CAPS, como tambi\u00e9n acciones en operativos sanitarios. El objetivo, es fortalecer los conocimientos de los estudiantes.<\/em><\/p>\n\n\n\n<p>El ministro de Salud P\u00fablica, Ricardo Cardozo, firm\u00f3 un convenio marco de cooperaci\u00f3n con la ministra de Educaci\u00f3n, Pr\u00e1xedes Ytat\u00ed L\u00f3pez para la carrera de Enfermer\u00eda. A trav\u00e9s del mismo, se busca impulsar la capacitaci\u00f3n y profesionalizaci\u00f3n de los alumnos.<\/p>\n\n\n\n<p>A su vez, firmaron un convenio espec\u00edfico para la tecnicatura superior en Enfermer\u00eda del Instituto Superior de Formaci\u00f3n y Capacitaci\u00f3n Docente (ISFD) de Ituzaing\u00f3. Fue para pr\u00e1cticas profesionalizantes en los hospitales \u201cRicardo Billinghurths\u201d y \u201cGenaro Leiva\u201d y en el Centro de Atenci\u00f3n Primaria de la Salud (CAPS).<\/p>\n\n\n\n<p>Estuvieron presentes por el Ministerio de Salud P\u00fablica, la subsecretaria de Atenci\u00f3n Primaria de la Salud, Alicia Pereira; la directora de Asesor\u00eda Legal, Candelaria Campias y el director general de Gesti\u00f3n Hospitalaria, Mario Rodr\u00edguez. Por Educaci\u00f3n, el subsecretario de Gesti\u00f3n Educativa, Julio Nav\u00edas; la Directora General de Nivel Superior, Graciela Yaya y el rector del Instituto de Formaci\u00f3n Docente de Ituzaing\u00f3, Luis Meza.<\/p>\n\n\n\n<p>\u201cAcordamos un trabajo en conjunto como nos pide el gobernador, Gustavo Vald\u00e9s, con el Ministerio de Educaci\u00f3n. Refiere a facilitar las tareas del ISFD de Ituzaing\u00f3 para formar profesionales de la salud\u201d, dijo el titular de la cartera sanitaria,&nbsp;<strong>Ricardo Cardozo<\/strong>. &nbsp;<\/p>\n\n\n\n<p>Tambi\u00e9n, sostuvo que se pondr\u00e1n todas las herramientas del Ministerio y de los centros de salud para la formaci\u00f3n de los estudiantes.<\/p>\n\n\n\n<p>\u201cLa enfermer\u00eda es un pilar muy importante en el equipo de salud. Tenemos el compromiso de incorporarlos al equipo y dar el protagonismo que ellos se merecen, por su capacitaci\u00f3n y trabajo\u201d, indic\u00f3.<\/p>\n\n\n\n<p>Por su parte, la ministra de Educaci\u00f3n Pr\u00e1xedes L\u00f3pez, coment\u00f3 que \u201cse firm\u00f3 un convenio espec\u00edfico para el instituto de Ituzaing\u00f3 y otro general para todas las instituciones que tienen la carrera de enfermer\u00eda, para que puedan pasar por los hospitales y Caps\u201d. Agreg\u00f3 que estos acuerdos \u201cson muy importantes para todos nuestros estudiantes\u201d.<\/p>\n\n\n\n<p><strong>Acuerdos<\/strong><\/p>\n\n\n\n<p>En el convenio general, entre las principales acciones que se acuerdan est\u00e1n las pr\u00e1cticas profesionalizantes. Los alumnos de los institutos superiores realizar\u00e1n esta formaci\u00f3n en centros de salud dependientes de la cartera sanitaria.<\/p>\n\n\n\n<p>A su vez, actividades en terreno. Se coordinar\u00e1n operativos de atenci\u00f3n y prevenci\u00f3n para que los estudiantes participen en acciones extramuros.<\/p>\n\n\n\n<p>Otro objetivo, es el fortalecimiento de los conocimientos con lo que se busca integrar la formaci\u00f3n acad\u00e9mica con experiencias de aprendizaje de complejidad progresiva y supervisi\u00f3n adecuada. Esto, garantizando la calidad educativa y la validez nacional de t\u00edtulos y certificaciones.<\/p>\n\n\n\n<p>En cuanto al convenio con el instituto de Ituzaing\u00f3, una de las finalidades es impulsar la capacitaci\u00f3n y profesionalizaci\u00f3n de alumnos del segundo y tercer a\u00f1o de la Tecnicatura Superior en Enfermer\u00eda, mediante pr\u00e1cticas en centros de salud.<\/p>\n\n\n\n<p>A su vez, entre otras acciones, se permite las rotaciones hospitalarias espec\u00edficas. Las pr\u00e1cticas ser\u00e1n supervisadas por docentes asistenciales y organizadas progresivamente seg\u00fan el nivel formativo.<\/p>\n\n\n\n<figure class=\"wp-block-image size-large\"><img loading=\"lazy\" decoding=\"async\" width=\"1024\" height=\"682\" src=\"https:\/\/corrientesdetarde.com\/wp-content\/uploads\/2025\/09\/image-158-1024x682.png\" alt=\"\" class=\"wp-image-225711\" srcset=\"https:\/\/corrientesdetarde.com\/wp-content\/uploads\/2025\/09\/image-158-1024x682.png 1024w, https:\/\/corrientesdetarde.com\/wp-content\/uploads\/2025\/09\/image-158-300x200.png 300w, https:\/\/corrientesdetarde.com\/wp-content\/uploads\/2025\/09\/image-158-768x512.png 768w, https:\/\/corrientesdetarde.com\/wp-content\/uploads\/2025\/09\/image-158-1536x1023.png 1536w, https:\/\/corrientesdetarde.com\/wp-content\/uploads\/2025\/09\/image-158.png 1600w\" sizes=\"auto, (max-width: 1024px) 100vw, 1024px\" \/><\/figure>\n\n\n\n<figure class=\"wp-block-image size-large\"><img loading=\"lazy\" decoding=\"async\" width=\"1024\" height=\"682\" src=\"https:\/\/corrientesdetarde.com\/wp-content\/uploads\/2025\/09\/image-160-1024x682.png\" alt=\"\" class=\"wp-image-225713\" srcset=\"https:\/\/corrientesdetarde.com\/wp-content\/uploads\/2025\/09\/image-160-1024x682.png 1024w, https:\/\/corrientesdetarde.com\/wp-content\/uploads\/2025\/09\/image-160-300x200.png 300w, https:\/\/corrientesdetarde.com\/wp-content\/uploads\/2025\/09\/image-160-768x512.png 768w, https:\/\/corrientesdetarde.com\/wp-content\/uploads\/2025\/09\/image-160-1536x1023.png 1536w, https:\/\/corrientesdetarde.com\/wp-content\/uploads\/2025\/09\/image-160.png 1600w\" sizes=\"auto, (max-width: 1024px) 100vw, 1024px\" \/><\/figure>\n","protected":false},"excerpt":{"rendered":"<p>Acordaron las pr\u00e1cticas en hospitales y CAPS, como tambi\u00e9n acciones en operativos sanitarios. El objetivo, es fortalecer los conocimientos de los estudiantes. El ministro de Salud P\u00fablica, Ricardo Cardozo, firm\u00f3&hellip; <\/p>\n","protected":false},"author":8,"featured_media":225712,"comment_status":"closed","ping_status":"open","sticky":false,"template":"","format":"standard","meta":{"footnotes":""},"categories":[8],"tags":[],"class_list":["post-225710","post","type-post","status-publish","format-standard","has-post-thumbnail","hentry","category-locales"],"_links":{"self":[{"href":"https:\/\/corrientesdetarde.com\/index.php\/wp-json\/wp\/v2\/posts\/225710","targetHints":{"allow":["GET"]}}],"collection":[{"href":"https:\/\/corrientesdetarde.com\/index.php\/wp-json\/wp\/v2\/posts"}],"about":[{"href":"https:\/\/corrientesdetarde.com\/index.php\/wp-json\/wp\/v2\/types\/post"}],"author":[{"embeddable":true,"href":"https:\/\/corrientesdetarde.com\/index.php\/wp-json\/wp\/v2\/users\/8"}],"replies":[{"embeddable":true,"href":"https:\/\/corrientesdetarde.com\/index.php\/wp-json\/wp\/v2\/comments?post=225710"}],"version-history":[{"count":1,"href":"https:\/\/corrientesdetarde.com\/index.php\/wp-json\/wp\/v2\/posts\/225710\/revisions"}],"predecessor-version":[{"id":225714,"href":"https:\/\/corrientesdetarde.com\/index.php\/wp-json\/wp\/v2\/posts\/225710\/revisions\/225714"}],"wp:featuredmedia":[{"embeddable":true,"href":"https:\/\/corrientesdetarde.com\/index.php\/wp-json\/wp\/v2\/media\/225712"}],"wp:attachment":[{"href":"https:\/\/corrientesdetarde.com\/index.php\/wp-json\/wp\/v2\/media?parent=225710"}],"wp:term":[{"taxonomy":"category","embeddable":true,"href":"https:\/\/corrientesdetarde.com\/index.php\/wp-json\/wp\/v2\/categories?post=225710"},{"taxonomy":"post_tag","embeddable":true,"href":"https:\/\/corrientesdetarde.com\/index.php\/wp-json\/wp\/v2\/tags?post=225710"}],"curies":[{"name":"wp","href":"https:\/\/api.w.org\/{rel}","templated":true}]}}