{"id":225715,"date":"2025-09-05T12:31:46","date_gmt":"2025-09-05T15:31:46","guid":{"rendered":"https:\/\/corrientesdetarde.com\/?p=225715"},"modified":"2025-09-05T12:31:52","modified_gmt":"2025-09-05T15:31:52","slug":"el-gobierno-expulso-a-un-exdiputado-venezolano-habia-venido-a-ver-el-partido-de-la-seleccion-en-el-monumental","status":"publish","type":"post","link":"https:\/\/corrientesdetarde.com\/index.php\/actualidad\/el-gobierno-expulso-a-un-exdiputado-venezolano-habia-venido-a-ver-el-partido-de-la-seleccion-en-el-monumental\/","title":{"rendered":"El Gobierno expuls\u00f3 a un exdiputado venezolano: hab\u00eda venido a ver el partido de la Selecci\u00f3n en el Monumental"},"content":{"rendered":"\n<p>Form\u00f3 parte como opositor del Parlamento de su pa\u00eds, pero fue involucrado en una trama de sobornos por parte del chavismo.<\/p>\n\n\n\n<p>La ministra de Seguridad de la Naci\u00f3n,&nbsp;<strong>Patricia Bullrich<\/strong>, anunci\u00f3 este jueves la expulsi\u00f3n del exdiputado venezolano&nbsp;<strong>Jos\u00e9<\/strong>&nbsp;<strong>Gregorio Noriega<\/strong>, considerado un \u201coperador\u201d del presidente&nbsp;<strong>Nicol\u00e1s Maduro<\/strong>.<\/p>\n\n\n\n<p>Noriega hab\u00eda entrado el mi\u00e9rcoles al pa\u00eds y fue visto paseando por Caminito, en el barrio porte\u00f1o de La Boca. Fue sancionado en 2020 por Estados Unidos y la Uni\u00f3n Europea por desestabilizar la democracia.<\/p>\n\n\n\n<p>\u201cA este venezolano, sancionado por EE.UU. y la UE por asaltar la Asamblea Legislativa y encarcelar a diputados opositores, lo detectamos en Argentina y lo echamos: \u00a1<strong>no vuelve nunca m\u00e1s<\/strong>!\u201d, escribi\u00f3 Bullrich en su cuenta de X.<\/p>\n\n\n\n<figure class=\"wp-block-image\"><img decoding=\"async\" src=\"https:\/\/tn.com.ar\/resizer\/v2\/el-posteo-de-patricia-bullrich-foto-captura-de-xpatobullrich-7XKLQIRWQNDETFJQ4V4ZQOEQQM.PNG?auth=a297e45fa4db4b4072fd9b1785271d770c7fe1889ece07901089bc24580e6f06&amp;width=767\" alt=\"El posteo de Patricia Bullrich (Foto: captura de X\/@PatoBullrich)\"\/><\/figure>\n\n\n\n<p>En otro tramo de su mensaje, la ministra afirm\u00f3 que \u201cel patovica de Maduro hab\u00eda entrado ayer desde Brasil, un d\u00eda antes del partido (contra Venezuela, por las eliminatorias sudamericanas al Mundial de f\u00fatbol 2026). Hoy se va. \u00a1El terrorismo chavista no tiene lugar en nuestro pa\u00eds!\u201d. alert\u00f3.<\/p>\n\n\n\n<h2 class=\"wp-block-heading\">Qui\u00e9n es el exdiputado venezolano expulsado de la Argentina<\/h2>\n\n\n\n<p>Noriega fue diputado opositor al chavismo en la Asamblea Nacional de Venezuela. Sin embargo, en 2019, fue expulsado del partido Voluntad Popular (VP), del dirigente Leopoldo L\u00f3pez, despu\u00e9s de que denuncias internas lo involucraron en una trama de sobornos orquestada por el chavismo en un plan denominado \u201cOperaci\u00f3n Alacr\u00e1n\u201d.<\/p>\n\n\n\n<p>Seg\u00fan el sitio venezolano&nbsp;<em>El Pitazo<\/em>, en 2020 form\u00f3 parte de una maniobra orquestada por el chavismo para asaltar el parlamento venezolano, entonces de mayor\u00eda opositora, y ponerlo al servicio de Maduro.<\/p>\n\n\n\n<p>\u2060Como parte de esta operaci\u00f3n, afirm\u00f3 el portal, se le asign\u00f3 la representaci\u00f3n legal del partido opositor Voluntad Popular.<\/p>\n\n\n\n<p>En un posteo en X, Voluntad Popular celebr\u00f3 \u201cla decisi\u00f3n del gobierno de Javier Milei y de la ministra Patricia Bullrich&nbsp;<strong>de expulsar de Argentina al alacr\u00e1n Jos\u00e9 Gregorio \u201cGoyo\u201d Noriega\u201d.<\/strong><\/p>\n\n\n\n<p><\/p>\n","protected":false},"excerpt":{"rendered":"<p>Form\u00f3 parte como opositor del Parlamento de su pa\u00eds, pero fue involucrado en una trama de sobornos por parte del chavismo. La ministra de Seguridad de la Naci\u00f3n,&nbsp;Patricia Bullrich, anunci\u00f3&hellip; <\/p>\n","protected":false},"author":8,"featured_media":225716,"comment_status":"closed","ping_status":"open","sticky":false,"template":"","format":"standard","meta":{"footnotes":""},"categories":[23],"tags":[],"class_list":["post-225715","post","type-post","status-publish","format-standard","has-post-thumbnail","hentry","category-actualidad"],"_links":{"self":[{"href":"https:\/\/corrientesdetarde.com\/index.php\/wp-json\/wp\/v2\/posts\/225715","targetHints":{"allow":["GET"]}}],"collection":[{"href":"https:\/\/corrientesdetarde.com\/index.php\/wp-json\/wp\/v2\/posts"}],"about":[{"href":"https:\/\/corrientesdetarde.com\/index.php\/wp-json\/wp\/v2\/types\/post"}],"author":[{"embeddable":true,"href":"https:\/\/corrientesdetarde.com\/index.php\/wp-json\/wp\/v2\/users\/8"}],"replies":[{"embeddable":true,"href":"https:\/\/corrientesdetarde.com\/index.php\/wp-json\/wp\/v2\/comments?post=225715"}],"version-history":[{"count":1,"href":"https:\/\/corrientesdetarde.com\/index.php\/wp-json\/wp\/v2\/posts\/225715\/revisions"}],"predecessor-version":[{"id":225717,"href":"https:\/\/corrientesdetarde.com\/index.php\/wp-json\/wp\/v2\/posts\/225715\/revisions\/225717"}],"wp:featuredmedia":[{"embeddable":true,"href":"https:\/\/corrientesdetarde.com\/index.php\/wp-json\/wp\/v2\/media\/225716"}],"wp:attachment":[{"href":"https:\/\/corrientesdetarde.com\/index.php\/wp-json\/wp\/v2\/media?parent=225715"}],"wp:term":[{"taxonomy":"category","embeddable":true,"href":"https:\/\/corrientesdetarde.com\/index.php\/wp-json\/wp\/v2\/categories?post=225715"},{"taxonomy":"post_tag","embeddable":true,"href":"https:\/\/corrientesdetarde.com\/index.php\/wp-json\/wp\/v2\/tags?post=225715"}],"curies":[{"name":"wp","href":"https:\/\/api.w.org\/{rel}","templated":true}]}}