{"id":225749,"date":"2025-09-05T22:24:23","date_gmt":"2025-09-06T01:24:23","guid":{"rendered":"https:\/\/corrientesdetarde.com\/?p=225749"},"modified":"2025-09-06T12:56:40","modified_gmt":"2025-09-06T15:56:40","slug":"la-orquesta-sinfonica-vuelve-al-escenario-del-teatro-vera-con-los-viajes-del-joven-werther","status":"publish","type":"post","link":"https:\/\/corrientesdetarde.com\/index.php\/eventos\/la-orquesta-sinfonica-vuelve-al-escenario-del-teatro-vera-con-los-viajes-del-joven-werther\/","title":{"rendered":"La Orquesta Sinf\u00f3nica vuelve al escenario del Teatro Vera con \u201cLos viajes del joven Werther\u201d"},"content":{"rendered":"\n<p>En el marco de los festejos por los 200 a\u00f1os de amistad entre Alemania y Argentina que promueve la Asociaci\u00f3n Alemana de Corrientes se presenta en vivo la Orquesta Sinf\u00f3nica de la provincia de Corrientes desde las 21 con un repertorio de composiciones de autores alemanes acompa\u00f1ando el relato de Werther, que ser\u00e1 personificado por el tenor Lisandro Palomo.<\/p>\n\n\n\n<p>Bajo direcci\u00f3n de la maestra Andrea Fusco, la Orquesta Sinf\u00f3nica de Corrientes vuelve al escenario del Teatro Oficial Juan de Vera, con entradas $5.800, y una invitaci\u00f3n a nuevas audiencias a asistir y acompa\u00f1ar este primer concierto donde podr\u00e1n apreciarse la Sinfon\u00eda N\u00b0 5 de Ludwig van Beethoven, La gruta de Fingal de F\u00e9lix Mendelsshon, Danzas h\u00fangaras de Johannes Bramhs y la Marcha Eslava de Tchaikovsky, entre otras obras.<\/p>\n\n\n\n<p>\u201cLa Sinf\u00f3nica volver\u00e1 a sonar despu\u00e9s de a\u00f1os en el Teatro Juan de Vera, as\u00ed que para nosotros es una fiesta de la m\u00fasica\u201d, declar\u00f3 Andrea Fusco. \u201cEs una propuesta para todo p\u00fablico, para dejarse sorprender por la m\u00fasica, por el espect\u00e1culo y por el maravilloso teatro, que est\u00e1 pensado para este tipo de propuestas orquestales. Tenemos como objetivo siempre formar nuevos p\u00fablicos, queremos que los ni\u00f1os y adolescentes asistan y conozcan la Orquesta, la escuchen\u201d expres\u00f3.<\/p>\n\n\n\n<p>Lourdes S\u00e1nchez, directora general del Teatro Oficial Juan de Vera, expres\u00f3 que \u201capuntamos a formar p\u00fablico y nuevas audiencias para la m\u00fasica cl\u00e1sica, nos parece oportuno el concierto que brindar\u00e1 la Orquesta Sinf\u00f3nica sobre compositores cl\u00e1sicos alemanes para que las nuevas audiencias puedan conocerlos y disfrutarlos\u201d.<\/p>\n\n\n\n<p><strong>\u201cLos viajes del joven Werther\u201d<\/strong><\/p>\n\n\n\n<p>Inspirado en el personaje de Goethe, el joven Werther es un artista que se enamora de Charlotte, una mujer comprometida a otro hombre. El dolor que le produce este amor no correspondido lo lleva a viajar para tratar de olvidarla. As\u00ed, visita Espa\u00f1a, Italia y Rusia, pero la presencia de su amada lo acompa\u00f1a donde vaya.<\/p>\n\n\n\n<p>Las penas del joven Werther es el primer gran \u00e9xito del escritor alem\u00e1n Goethe y es considerada la novela que da inicio al Romanticismo. Interpretado por Lisandro Palomo, Werther compartir\u00e1 sus sentimientos a trav\u00e9s de la m\u00fasica sinf\u00f3nica y arias de \u00f3peras.<\/p>\n\n\n\n<p>Por otro lado, las entradas est\u00e1n a la venta en\u00a0weepas.ar\u00a0y en boleter\u00eda del Teatro Juan de Vera, de lunes a s\u00e1bados de 9 a 13 hs y de 17 a 21 hs. desde $5800. Para clientes del BanCo con tarjetas de cr\u00e9dito Visa, tienen un 20% de descuento, un tope de reintegro de $20.000 y se pueden abonar hasta en 3 cuotas sin inter\u00e9s.a\u00f1os de amistad de la comunidad alemana en Argentina<\/p>\n\n\n\n<p>En 2025 se celebra el legado hist\u00f3rico y cultural de los alemanes que llegaron a una Argentina que los recibi\u00f3 con los brazos abiertos y que contribuyeron a la construcci\u00f3n y el desarrollo de una nueva patria.<\/p>\n\n\n\n<p>En 1825 empez\u00f3 la inmigraci\u00f3n organizada desde Alemania hasta el R\u00edo de la Plata. Dos siglos despu\u00e9s, se celebra no solo su aporte a la industria, la educaci\u00f3n y las artes, sino tambi\u00e9n la fusi\u00f3n \u00fanica de costumbres que hoy nos define: del asado al strudel, de la pasi\u00f3n por el f\u00fatbol a la precisi\u00f3n en la ingenier\u00eda.<\/p>\n\n\n\n<p><strong>Entradas<\/strong><\/p>\n\n\n\n<p>Las entradas est\u00e1n a la venta en\u00a0weepas.ar\u00a0y en boleter\u00eda del Teatro Juan de Vera, de lunes a s\u00e1bados de 9 a 13 hs y de 17 a 21 hs. desde $5800. Para clientes del BanCo con tarjetas de cr\u00e9dito Visa, tienen un 20% de descuento, un tope de reintegro de $20.000 y se pueden abonar hasta en 3 cuotas sin inter\u00e9s.<\/p>\n\n\n\n<p><\/p>\n","protected":false},"excerpt":{"rendered":"<p>En el marco de los festejos por los 200 a\u00f1os de amistad entre Alemania y Argentina que promueve la Asociaci\u00f3n Alemana de Corrientes se presenta en vivo la Orquesta Sinf\u00f3nica&hellip; <\/p>\n","protected":false},"author":4,"featured_media":225753,"comment_status":"closed","ping_status":"open","sticky":false,"template":"","format":"standard","meta":{"footnotes":""},"categories":[22],"tags":[],"class_list":["post-225749","post","type-post","status-publish","format-standard","has-post-thumbnail","hentry","category-eventos"],"_links":{"self":[{"href":"https:\/\/corrientesdetarde.com\/index.php\/wp-json\/wp\/v2\/posts\/225749","targetHints":{"allow":["GET"]}}],"collection":[{"href":"https:\/\/corrientesdetarde.com\/index.php\/wp-json\/wp\/v2\/posts"}],"about":[{"href":"https:\/\/corrientesdetarde.com\/index.php\/wp-json\/wp\/v2\/types\/post"}],"author":[{"embeddable":true,"href":"https:\/\/corrientesdetarde.com\/index.php\/wp-json\/wp\/v2\/users\/4"}],"replies":[{"embeddable":true,"href":"https:\/\/corrientesdetarde.com\/index.php\/wp-json\/wp\/v2\/comments?post=225749"}],"version-history":[{"count":1,"href":"https:\/\/corrientesdetarde.com\/index.php\/wp-json\/wp\/v2\/posts\/225749\/revisions"}],"predecessor-version":[{"id":225754,"href":"https:\/\/corrientesdetarde.com\/index.php\/wp-json\/wp\/v2\/posts\/225749\/revisions\/225754"}],"wp:featuredmedia":[{"embeddable":true,"href":"https:\/\/corrientesdetarde.com\/index.php\/wp-json\/wp\/v2\/media\/225753"}],"wp:attachment":[{"href":"https:\/\/corrientesdetarde.com\/index.php\/wp-json\/wp\/v2\/media?parent=225749"}],"wp:term":[{"taxonomy":"category","embeddable":true,"href":"https:\/\/corrientesdetarde.com\/index.php\/wp-json\/wp\/v2\/categories?post=225749"},{"taxonomy":"post_tag","embeddable":true,"href":"https:\/\/corrientesdetarde.com\/index.php\/wp-json\/wp\/v2\/tags?post=225749"}],"curies":[{"name":"wp","href":"https:\/\/api.w.org\/{rel}","templated":true}]}}