{"id":225755,"date":"2025-09-05T22:27:17","date_gmt":"2025-09-06T01:27:17","guid":{"rendered":"https:\/\/corrientesdetarde.com\/?p=225755"},"modified":"2025-09-05T22:27:23","modified_gmt":"2025-09-06T01:27:23","slug":"la-policia-secuestro-cocaina-cigarrillos-y-un-arma-de-fuego-en-el-cichero","status":"publish","type":"post","link":"https:\/\/corrientesdetarde.com\/index.php\/policiales\/la-policia-secuestro-cocaina-cigarrillos-y-un-arma-de-fuego-en-el-cichero\/","title":{"rendered":"La polic\u00eda secuestr\u00f3 coca\u00edna, cigarrillos y un arma de fuego en el Cichero"},"content":{"rendered":"\n<p>Un joven de 20 a\u00f1os fue detenido durante los operativos realizados por la Comisar\u00eda Sexta Urbana en conjunto con Infanter\u00eda y la Unidad Fiscal.<\/p>\n\n\n\n<p>En la ma\u00f1ana de este viernes 5 de septiembre, efectivos de la Comisar\u00eda Sexta Urbana, junto a la Divisi\u00f3n de Infanter\u00eda y en colaboraci\u00f3n con la Unidad Fiscal de Investigaciones, llevaron adelante dos allanamientos en distintos puntos de la ciudad de Corrientes.<\/p>\n\n\n\n<p>En uno de los procedimientos, realizado en una vivienda del barrio Cichero, se secuestraron 60 envoltorios de coca\u00edna tipo &#8220;bochitas&#8221;, 44 paquetes de cigarrillos de presunto ingreso ilegal, dinero en efectivo, un tel\u00e9fono celular iPhone 11, una escopeta y 17 cartuchos calibre 14.<\/p>\n\n\n\n<p>El hallazgo fue confirmado por personal de la Direcci\u00f3n General de Drogas Peligrosas, que realiz\u00f3 el test correspondiente sobre la sustancia, arrojando resultado positivo para coca\u00edna.<\/p>\n\n\n\n<p>Adem\u00e1s, en el marco de la investigaci\u00f3n, la Polic\u00eda procedi\u00f3 a la detenci\u00f3n de un joven de 20 a\u00f1os, quien qued\u00f3 a disposici\u00f3n de la Justicia.<\/p>\n\n\n\n<p>Todos los elementos secuestrados, junto al detenido, fueron trasladados a la dependencia policial, donde se contin\u00faan con las diligencias de rigor.<\/p>\n","protected":false},"excerpt":{"rendered":"<p>Un joven de 20 a\u00f1os fue detenido durante los operativos realizados por la Comisar\u00eda Sexta Urbana en conjunto con Infanter\u00eda y la Unidad Fiscal. En la ma\u00f1ana de este viernes&hellip; <\/p>\n","protected":false},"author":4,"featured_media":225756,"comment_status":"closed","ping_status":"open","sticky":false,"template":"","format":"standard","meta":{"footnotes":""},"categories":[33],"tags":[],"class_list":["post-225755","post","type-post","status-publish","format-standard","has-post-thumbnail","hentry","category-policiales"],"_links":{"self":[{"href":"https:\/\/corrientesdetarde.com\/index.php\/wp-json\/wp\/v2\/posts\/225755","targetHints":{"allow":["GET"]}}],"collection":[{"href":"https:\/\/corrientesdetarde.com\/index.php\/wp-json\/wp\/v2\/posts"}],"about":[{"href":"https:\/\/corrientesdetarde.com\/index.php\/wp-json\/wp\/v2\/types\/post"}],"author":[{"embeddable":true,"href":"https:\/\/corrientesdetarde.com\/index.php\/wp-json\/wp\/v2\/users\/4"}],"replies":[{"embeddable":true,"href":"https:\/\/corrientesdetarde.com\/index.php\/wp-json\/wp\/v2\/comments?post=225755"}],"version-history":[{"count":1,"href":"https:\/\/corrientesdetarde.com\/index.php\/wp-json\/wp\/v2\/posts\/225755\/revisions"}],"predecessor-version":[{"id":225757,"href":"https:\/\/corrientesdetarde.com\/index.php\/wp-json\/wp\/v2\/posts\/225755\/revisions\/225757"}],"wp:featuredmedia":[{"embeddable":true,"href":"https:\/\/corrientesdetarde.com\/index.php\/wp-json\/wp\/v2\/media\/225756"}],"wp:attachment":[{"href":"https:\/\/corrientesdetarde.com\/index.php\/wp-json\/wp\/v2\/media?parent=225755"}],"wp:term":[{"taxonomy":"category","embeddable":true,"href":"https:\/\/corrientesdetarde.com\/index.php\/wp-json\/wp\/v2\/categories?post=225755"},{"taxonomy":"post_tag","embeddable":true,"href":"https:\/\/corrientesdetarde.com\/index.php\/wp-json\/wp\/v2\/tags?post=225755"}],"curies":[{"name":"wp","href":"https:\/\/api.w.org\/{rel}","templated":true}]}}