{"id":225780,"date":"2025-09-06T08:20:00","date_gmt":"2025-09-06T11:20:00","guid":{"rendered":"https:\/\/corrientesdetarde.com\/?p=225780"},"modified":"2025-09-06T08:53:53","modified_gmt":"2025-09-06T11:53:53","slug":"lali-esposito-sera-jurado-de-un-importante-festival-de-cine","status":"publish","type":"post","link":"https:\/\/corrientesdetarde.com\/index.php\/espectaculos\/lali-esposito-sera-jurado-de-un-importante-festival-de-cine\/","title":{"rendered":"Lali Esp\u00f3sito ser\u00e1 jurado de un importante festival de cine."},"content":{"rendered":"\n<h2 class=\"wp-block-heading\">La cantante volver\u00e1 a sus ra\u00edces actorales para integrar el jurado de la Secci\u00f3n oficial del evento cinematogr\u00e1fico m\u00e1s importante de Espa\u00f1a.<\/h2>\n\n\n\n<p><strong>Lali Esp\u00f3sito<\/strong>\u00a0no deja de crecer en su carrera. Mientras se prepara para dar dos shows m\u00e1s en el estadio V\u00e9lez este fin de semana, la artista anunci\u00f3 que\u00a0<strong>ser\u00e1 jurado del Festival de San Sebasti\u00e1n<\/strong>.<\/p>\n\n\n\n<p>El prestigioso evento, que celebrar\u00e1 su edici\u00f3n n\u00famero 73 entre el 19 y el 27 de septiembre en la ciudad vasca, es uno de los festivales cinematogr\u00e1ficos m\u00e1s importantes del mundo y&nbsp;<strong>contar\u00e1 con la presencia de grandes estrellas<\/strong>.<\/p>\n\n\n\n<p>Si bien en los \u00faltimos a\u00f1os la argentina se ha dedicado con m\u00e1s fuerza a su carrera musical,&nbsp;<strong>su inicio en el mundo del espect\u00e1culo fue como actriz<\/strong>&nbsp;de televisi\u00f3n, luego de cine y tambi\u00e9n forma parte de m\u00faltiples series.<\/p>\n\n\n\n<figure class=\"wp-block-image\"><img decoding=\"async\" src=\"https:\/\/tn.com.ar\/resizer\/v2\/sera-jurado-en-san-sebastian-fuente-instagramsansebastianfes-PLU7POEZKNBOJBSZYKRLR3HW3U.jpg?auth=068a8381f1a240c079549b5d1c4bebb3e863b9e61020fb424658e85e92d790cd&amp;width=767\" alt=\"Ser\u00e1 jurado en San Sebasti\u00e1n. (Fuente: Instagram\/sansebastianfes)\"\/><figcaption class=\"wp-element-caption\">Ser\u00e1 jurado en San Sebasti\u00e1n. (Fuente: Instagram\/sansebastianfes)<\/figcaption><\/figure>\n\n\n\n<p>En esta oportunidad, tendr\u00e1 el honor de&nbsp;<strong>ser parte del jurado de la Secci\u00f3n Oficial<\/strong>&nbsp;-la m\u00e1s importante del festival-, que estar\u00e1 presidida por el director J.A. Bayona, responsable de&nbsp;<em>El orfanato<\/em>&nbsp;y&nbsp;<em>La sociedad de la nieve<\/em>.<\/p>\n\n\n\n<p><strong>Completan el jurado las directoras Gia Coppola y Laura Carreira<\/strong>, los actores Mark Strong y Zhou Dongyu; y la productora Anne-Dominique Toussaint.<\/p>\n\n\n\n<p>Entre las pel\u00edculas que&nbsp;<strong>competir\u00e1n en esta secci\u00f3n se cuenta&nbsp;<\/strong><em><strong>Bel\u00e9n<\/strong><\/em><strong>&nbsp;-el drama dirigido y protagonizado por Dolores Fonzi<\/strong>-,&nbsp;<em>La suerte<\/em>&nbsp;de Paco Plaza,&nbsp;<em>Las corrientes<\/em>&nbsp;de Milagros Mumenthaler y<em>&nbsp;27 noches<\/em>&nbsp;de Daniel Hendler, entre otras.<\/p>\n\n\n\n<h2 class=\"wp-block-heading\">Los rumores sobre el casamiento entre Lali Esp\u00f3sito y Pedro Rosemblat<\/h2>\n\n\n\n<p>D\u00edas atr\u00e1s\u00a0<strong>crecieron los rumores de que\u00a0Lali y Pedro Rosemblat<\/strong>\u00a0pasar\u00e1n por el altar. Todo empez\u00f3 a partir de un comentario de Anita Esp\u00f3sito, hermana de la cantante, quien encendi\u00f3 las alarmas con una frase que gener\u00f3 las especulaciones sobre el compromiso.<\/p>\n\n\n\n<p><strong>\u201c\u00bfSer\u00e1? \u00bfSe vendr\u00e1 otro casorio en la far\u00e1ndula?\u201d<\/strong>, se pregunt\u00f3 al aire de&nbsp;<em>Patria y Familia (Luzu TV)<\/em>&nbsp;mientras en el ciclo debat\u00edan sobre el inminente casamiento de Taylor Swift.<\/p>\n\n\n\n<figure class=\"wp-block-image\"><img decoding=\"async\" src=\"https:\/\/tn.com.ar\/resizer\/v2\/las-fotos-de-lali-esposito-junto-a-un-disenador-de-alta-costura-foto-instagram-altacosturaiara-MJEVR5KUW5CGNIZJWQHLSDUPJ4.jpg?auth=87211d958582a29679d82a8ead24f5895e5ac181abaf7c050e08eda30e453242&amp;width=767\" alt=\"Las fotos de Lali Esp\u00f3sito junto a un dise\u00f1ador de alta costura. (Foto: Instagram \/ altacosturaiara)\"\/><figcaption class=\"wp-element-caption\">Las fotos de Lali Esp\u00f3sito junto a un dise\u00f1ador de alta costura. (Foto: Instagram \/ altacosturaiara)<\/figcaption><\/figure>\n\n\n\n<p>Como si eso no fuera suficiente,&nbsp;<strong>la expectativa aument\u00f3 cuando el atelier Iara Alta Costura comparti\u00f3 en Instagram una foto de la cantante junto a su due\u00f1o, Mario Vidal, con un vestido de novia de fondo<\/strong>. \u201cNo puedo contar nada, pero pas\u00f3 Lali\u201d, escribieron en la publicaci\u00f3n que r\u00e1pidamente se viraliz\u00f3.<\/p>\n\n\n\n<p>D\u00edas atr\u00e1s, la propia artista se hab\u00eda referido a esta versi\u00f3n. A la salida de una funci\u00f3n teatral de Moria Cas\u00e1n, un grupo de periodistas le pregunt\u00f3 directamente si planeaba casarse con Rosemblat. Fiel a su estilo, ella respondi\u00f3 con humor: \u201c<strong>Qu\u00e9 b\u00e1sico que est\u00e1s. \u00a1No! No hablamos nosotros de casamiento\u201d<\/strong>.<\/p>\n\n\n\n<p><\/p>\n","protected":false},"excerpt":{"rendered":"<p>La cantante volver\u00e1 a sus ra\u00edces actorales para integrar el jurado de la Secci\u00f3n oficial del evento cinematogr\u00e1fico m\u00e1s importante de Espa\u00f1a. Lali Esp\u00f3sito\u00a0no deja de crecer en su carrera.&hellip; <\/p>\n","protected":false},"author":6,"featured_media":225783,"comment_status":"closed","ping_status":"open","sticky":false,"template":"","format":"standard","meta":{"footnotes":""},"categories":[19],"tags":[],"class_list":["post-225780","post","type-post","status-publish","format-standard","has-post-thumbnail","hentry","category-espectaculos"],"_links":{"self":[{"href":"https:\/\/corrientesdetarde.com\/index.php\/wp-json\/wp\/v2\/posts\/225780","targetHints":{"allow":["GET"]}}],"collection":[{"href":"https:\/\/corrientesdetarde.com\/index.php\/wp-json\/wp\/v2\/posts"}],"about":[{"href":"https:\/\/corrientesdetarde.com\/index.php\/wp-json\/wp\/v2\/types\/post"}],"author":[{"embeddable":true,"href":"https:\/\/corrientesdetarde.com\/index.php\/wp-json\/wp\/v2\/users\/6"}],"replies":[{"embeddable":true,"href":"https:\/\/corrientesdetarde.com\/index.php\/wp-json\/wp\/v2\/comments?post=225780"}],"version-history":[{"count":1,"href":"https:\/\/corrientesdetarde.com\/index.php\/wp-json\/wp\/v2\/posts\/225780\/revisions"}],"predecessor-version":[{"id":225784,"href":"https:\/\/corrientesdetarde.com\/index.php\/wp-json\/wp\/v2\/posts\/225780\/revisions\/225784"}],"wp:featuredmedia":[{"embeddable":true,"href":"https:\/\/corrientesdetarde.com\/index.php\/wp-json\/wp\/v2\/media\/225783"}],"wp:attachment":[{"href":"https:\/\/corrientesdetarde.com\/index.php\/wp-json\/wp\/v2\/media?parent=225780"}],"wp:term":[{"taxonomy":"category","embeddable":true,"href":"https:\/\/corrientesdetarde.com\/index.php\/wp-json\/wp\/v2\/categories?post=225780"},{"taxonomy":"post_tag","embeddable":true,"href":"https:\/\/corrientesdetarde.com\/index.php\/wp-json\/wp\/v2\/tags?post=225780"}],"curies":[{"name":"wp","href":"https:\/\/api.w.org\/{rel}","templated":true}]}}