{"id":225781,"date":"2025-09-06T08:30:00","date_gmt":"2025-09-06T11:30:00","guid":{"rendered":"https:\/\/corrientesdetarde.com\/?p=225781"},"modified":"2025-09-06T08:55:33","modified_gmt":"2025-09-06T11:55:33","slug":"pierre-gasly-renovo-con-alpine-hasta-2028","status":"publish","type":"post","link":"https:\/\/corrientesdetarde.com\/index.php\/deportes\/pierre-gasly-renovo-con-alpine-hasta-2028\/","title":{"rendered":"Pierre Gasly renov\u00f3 con Alpine hasta 2028."},"content":{"rendered":"\n<h2 class=\"wp-block-heading\">El piloto franc\u00e9s asegur\u00f3 su continuidad en la escuder\u00eda, mientras el argentino intentar sumar los primeros puntos para garantizar su butaca la pr\u00f3xima temporada.<\/h2>\n\n\n\n<p>En medio del\u00a0<strong>Gran Premio de Italia<\/strong>\u00a0en Monza, la escuder\u00eda\u00a0<strong>Alpine<\/strong>\u00a0anunci\u00f3 este s\u00e1bado la renovaci\u00f3n de\u00a0<strong>Pierre Gasly<\/strong>\u00a0hasta finales de la temporada 2028. El franc\u00e9s, que debut\u00f3 en la F\u00f3rmula 1 en 2017 con Toro Rosso, ya disput\u00f3\u00a0<strong>168 Grandes Premios<\/strong>\u00a0y tiene como mayor logro una victoria en 2020, justamente en el circuito italiano donde se confirm\u00f3 su continuidad.<\/p>\n\n\n\n<p>La noticia supone algo de estabilidad para Alpine, que atraviesa una temporada muy dif\u00edcil por sus malos resultados. Gasly, con su experiencia y regularidad, se convirti\u00f3 en una de las piezas clave. El equipo ocupa la \u00faltima posici\u00f3n en la Copa de Constructores con 20 puntos, todos aportados por el franc\u00e9s.<\/p>\n\n\n\n<h2 class=\"wp-block-heading\"><strong>El futuro de Franco Colapinto sigue abierto<\/strong><\/h2>\n\n\n\n<figure class=\"wp-block-image\"><img decoding=\"async\" src=\"https:\/\/tn.com.ar\/resizer\/v2\/el-argentino-no-tiene-garantizada-su-butaca-para-el-ano-proximo-reuters-QNXQVWPK3NBPRDDVH6TXX3AWMQ.jpg?auth=037ffb9b1da36ef064ecf0d248734f73daa6d648e505cf592af1e2f97c648ea4&amp;width=767\" alt=\"El argentino no tiene garantizada su butaca para el a\u00f1o pr\u00f3ximo (Reuters).\"\/><figcaption class=\"wp-element-caption\">El argentino no tiene garantizada su butaca para el a\u00f1o pr\u00f3ximo (Reuters).<\/figcaption><\/figure>\n\n\n\n<p>Mientras el futuro de Gasly est\u00e1 asegurado, la situaci\u00f3n de&nbsp;<strong>Franco Colapinto<\/strong>&nbsp;es mucho m\u00e1s incierta. El piloto argentino, que lleg\u00f3 a Alpine en enero como piloto reserva tras haber corrido nueve Grandes Premios con Williams en 2024, no logr\u00f3 todav\u00eda los resultados esperados.<\/p>\n\n\n\n<p>En mayo, Colapinto hered\u00f3 el monoplaza del australiano&nbsp;<strong>Jack Doohan<\/strong>, quien fue apartado por falta de rendimiento. Sin embargo, el argentino tampoco pudo revertir la situaci\u00f3n. En&nbsp;<strong>ocho carreras disputadas con Alpine, no sum\u00f3 ni un solo punto, aunque su rendimiento estuvo siempre condicionado a un auto de baja confiabilidad<\/strong>.<\/p>\n\n\n\n<h2 class=\"wp-block-heading\"><strong>Alpine, \u00faltimo en la Copa de Constructores<\/strong><\/h2>\n\n\n\n<p>El panorama general para Alpine no es alentador.&nbsp;<strong>La escuder\u00eda ocupa la d\u00e9cima y \u00faltima posici\u00f3n en la clasificaci\u00f3n de constructores<\/strong>, cuando ya se disputaron 15 de las 24 carreras del calendario.<\/p>\n\n\n\n<p><\/p>\n","protected":false},"excerpt":{"rendered":"<p>El piloto franc\u00e9s asegur\u00f3 su continuidad en la escuder\u00eda, mientras el argentino intentar sumar los primeros puntos para garantizar su butaca la pr\u00f3xima temporada. En medio del\u00a0Gran Premio de Italia\u00a0en&hellip; <\/p>\n","protected":false},"author":6,"featured_media":225785,"comment_status":"closed","ping_status":"open","sticky":false,"template":"","format":"standard","meta":{"footnotes":""},"categories":[4],"tags":[],"class_list":["post-225781","post","type-post","status-publish","format-standard","has-post-thumbnail","hentry","category-deportes"],"_links":{"self":[{"href":"https:\/\/corrientesdetarde.com\/index.php\/wp-json\/wp\/v2\/posts\/225781","targetHints":{"allow":["GET"]}}],"collection":[{"href":"https:\/\/corrientesdetarde.com\/index.php\/wp-json\/wp\/v2\/posts"}],"about":[{"href":"https:\/\/corrientesdetarde.com\/index.php\/wp-json\/wp\/v2\/types\/post"}],"author":[{"embeddable":true,"href":"https:\/\/corrientesdetarde.com\/index.php\/wp-json\/wp\/v2\/users\/6"}],"replies":[{"embeddable":true,"href":"https:\/\/corrientesdetarde.com\/index.php\/wp-json\/wp\/v2\/comments?post=225781"}],"version-history":[{"count":1,"href":"https:\/\/corrientesdetarde.com\/index.php\/wp-json\/wp\/v2\/posts\/225781\/revisions"}],"predecessor-version":[{"id":225788,"href":"https:\/\/corrientesdetarde.com\/index.php\/wp-json\/wp\/v2\/posts\/225781\/revisions\/225788"}],"wp:featuredmedia":[{"embeddable":true,"href":"https:\/\/corrientesdetarde.com\/index.php\/wp-json\/wp\/v2\/media\/225785"}],"wp:attachment":[{"href":"https:\/\/corrientesdetarde.com\/index.php\/wp-json\/wp\/v2\/media?parent=225781"}],"wp:term":[{"taxonomy":"category","embeddable":true,"href":"https:\/\/corrientesdetarde.com\/index.php\/wp-json\/wp\/v2\/categories?post=225781"},{"taxonomy":"post_tag","embeddable":true,"href":"https:\/\/corrientesdetarde.com\/index.php\/wp-json\/wp\/v2\/tags?post=225781"}],"curies":[{"name":"wp","href":"https:\/\/api.w.org\/{rel}","templated":true}]}}