{"id":225831,"date":"2025-09-06T11:20:00","date_gmt":"2025-09-06T14:20:00","guid":{"rendered":"https:\/\/corrientesdetarde.com\/?p=225831"},"modified":"2025-09-06T11:26:19","modified_gmt":"2025-09-06T14:26:19","slug":"velez-y-central-cordoba-disputaran-la-final-de-la-supercopa-argentina","status":"publish","type":"post","link":"https:\/\/corrientesdetarde.com\/index.php\/deportes\/velez-y-central-cordoba-disputaran-la-final-de-la-supercopa-argentina\/","title":{"rendered":"V\u00e9lez y Central C\u00f3rdoba disputar\u00e1n la final de la Supercopa Argentina."},"content":{"rendered":"\n<h2 class=\"wp-block-heading\">Definir\u00e1n el t\u00edtulo a partir de las 16 en el estadio Gigante de Arroyito.<\/h2>\n\n\n\n<p>V\u00e9lez y Central C\u00f3rdoba de Santiago del Estero se ver\u00e1n las caras en el estadio Gigante de Arroyito, a partir de las 16. Habr\u00e1 un t\u00edtulo en juego, ya que el Fort\u00edn accedi\u00f3 a este duelo decisivo por ser campe\u00f3n de la Liga Profesional 2024 y el Ferroviario como campe\u00f3n de la Copa Argentina que justamente le gan\u00f3 a los de Liniers el mismo a\u00f1o. Dirigir\u00e1 Facundo Tello (televisar\u00e1n ESPN, Disney+ y ESPN Premium).<\/p>\n\n\n\n<p><strong>Posibles formaciones:<\/strong><\/p>\n\n\n\n<p><strong>V\u00e9lez:&nbsp;<\/strong>Tom\u00e1s Marchiori; Jano Gordon, Emanuel Mammana, Lisandro Magall\u00e1n, El\u00edas G\u00f3mez; Rodrigo Aliendro, Agust\u00edn Bouzat, Tom\u00e1s Galv\u00e1n; Maher Carrizo; Braian Romero e Imanol Machuca.<strong>&nbsp;DT:&nbsp;<\/strong>Guillermo Barros Schelotto&nbsp;<\/p>\n\n\n\n<p><strong>Central C\u00f3rdoba:<\/strong>&nbsp;Alan Aguerre; Fernando Mart\u00ednez, Lucas Abascia, Jonathan Galv\u00e1n, Braian Cufr\u00e9; Mat\u00edas Perell\u00f3, Mat\u00edas Vera, Iv\u00e1n G\u00f3mez, Jos\u00e9 Florent\u00edn; Mat\u00edas Godoy y Gast\u00f3n Ver\u00f3n.<strong>&nbsp;DT:<\/strong>&nbsp;Omar De Felippe<\/p>\n\n\n\n<p><strong>La lista de concentrados de V\u00e9lez S\u00e1rsfield:<\/strong><\/p>\n\n\n\n<figure class=\"wp-block-image\"><img decoding=\"async\" src=\"https:\/\/www.infobae.com\/resizer\/v2\/ULPXPOZ6OVDHJNVMYTEIX6B4AM.jpg?auth=548b43cb4732b845ae42f2177c9f4a7f74997d89562feb20f5d2c2c26e8c107b&amp;smart=true&amp;width=350&amp;height=438&amp;quality=85\" alt=\"\"\/><\/figure>\n\n\n\n<p><strong>La lista de concentrados de Central C\u00f3rdoba:<\/strong><\/p>\n\n\n\n<figure class=\"wp-block-image\"><img decoding=\"async\" src=\"https:\/\/www.infobae.com\/resizer\/v2\/RTSQ7EXT4VD53MCSVSQOQP6MEQ.jpg?auth=d6d0416d382dd1bdf38ebed7a5a7812e4eb499dbecfd1403236425d0dfb29483&amp;smart=true&amp;width=350&amp;height=433&amp;quality=85\" alt=\"\"\/><\/figure>\n\n\n\n<p><\/p>\n\n\n\n<p><strong>Horarios del partido:<\/strong><\/p>\n\n\n\n<p><strong>16:00<\/strong>&nbsp;Argentina, Brasil, Paraguay y Uruguay<\/p>\n\n\n\n<p><strong>15:00<\/strong>&nbsp;Bolivia, Chile, Estados Unidos (Miami) y Venezuela<\/p>\n\n\n\n<p><strong>14:00<\/strong>&nbsp;Colombia, Ecuador y Per\u00fa<\/p>\n\n\n\n<p><strong>13:00<\/strong>&nbsp;M\u00e9xico<\/p>\n\n\n\n<p>*Televisar\u00e1n ESPN, ESPN Premium y Disney+<\/p>\n\n\n\n<p><\/p>\n","protected":false},"excerpt":{"rendered":"<p>Definir\u00e1n el t\u00edtulo a partir de las 16 en el estadio Gigante de Arroyito. V\u00e9lez y Central C\u00f3rdoba de Santiago del Estero se ver\u00e1n las caras en el estadio Gigante&hellip; <\/p>\n","protected":false},"author":6,"featured_media":225837,"comment_status":"closed","ping_status":"open","sticky":false,"template":"","format":"standard","meta":{"footnotes":""},"categories":[4],"tags":[],"class_list":["post-225831","post","type-post","status-publish","format-standard","has-post-thumbnail","hentry","category-deportes"],"_links":{"self":[{"href":"https:\/\/corrientesdetarde.com\/index.php\/wp-json\/wp\/v2\/posts\/225831","targetHints":{"allow":["GET"]}}],"collection":[{"href":"https:\/\/corrientesdetarde.com\/index.php\/wp-json\/wp\/v2\/posts"}],"about":[{"href":"https:\/\/corrientesdetarde.com\/index.php\/wp-json\/wp\/v2\/types\/post"}],"author":[{"embeddable":true,"href":"https:\/\/corrientesdetarde.com\/index.php\/wp-json\/wp\/v2\/users\/6"}],"replies":[{"embeddable":true,"href":"https:\/\/corrientesdetarde.com\/index.php\/wp-json\/wp\/v2\/comments?post=225831"}],"version-history":[{"count":1,"href":"https:\/\/corrientesdetarde.com\/index.php\/wp-json\/wp\/v2\/posts\/225831\/revisions"}],"predecessor-version":[{"id":225838,"href":"https:\/\/corrientesdetarde.com\/index.php\/wp-json\/wp\/v2\/posts\/225831\/revisions\/225838"}],"wp:featuredmedia":[{"embeddable":true,"href":"https:\/\/corrientesdetarde.com\/index.php\/wp-json\/wp\/v2\/media\/225837"}],"wp:attachment":[{"href":"https:\/\/corrientesdetarde.com\/index.php\/wp-json\/wp\/v2\/media?parent=225831"}],"wp:term":[{"taxonomy":"category","embeddable":true,"href":"https:\/\/corrientesdetarde.com\/index.php\/wp-json\/wp\/v2\/categories?post=225831"},{"taxonomy":"post_tag","embeddable":true,"href":"https:\/\/corrientesdetarde.com\/index.php\/wp-json\/wp\/v2\/tags?post=225831"}],"curies":[{"name":"wp","href":"https:\/\/api.w.org\/{rel}","templated":true}]}}