{"id":225832,"date":"2025-09-06T11:10:00","date_gmt":"2025-09-06T14:10:00","guid":{"rendered":"https:\/\/corrientesdetarde.com\/?p=225832"},"modified":"2025-09-06T11:21:31","modified_gmt":"2025-09-06T14:21:31","slug":"santa-fe-elimino-la-religion-oficial-y-adopto-la-ficha-limpia-en-la-reforma-constitucional","status":"publish","type":"post","link":"https:\/\/corrientesdetarde.com\/index.php\/politica\/santa-fe-elimino-la-religion-oficial-y-adopto-la-ficha-limpia-en-la-reforma-constitucional\/","title":{"rendered":"Santa Fe elimin\u00f3 la religi\u00f3n oficial y adopt\u00f3 la Ficha Limpia en la reforma constitucional."},"content":{"rendered":"\n<h2 class=\"wp-block-heading\">La nueva Carta Magna se votar\u00e1 el 9 de septiembre y entrar\u00e1 en vigor el d\u00eda de la jura, el 12 de septiembre.<\/h2>\n\n\n\n<p>La\u00a0<strong>Convenci\u00f3n Reformadora de Santa Fe<\/strong>\u00a0avanz\u00f3 este viernes con el debate y la votaci\u00f3n de art\u00edculos centrales del nuevo texto constitucional, en una sesi\u00f3n que abord\u00f3 reformas sustanciales como la\u00a0<strong>separaci\u00f3n de la Iglesia y el Estado<\/strong>\u00a0y la inclusi\u00f3n del sistema de\u00a0<strong>Ficha Limpia<\/strong>\u00a0para la selecci\u00f3n de candidatos. Seg\u00fan lo informado en la d\u00e9cima sesi\u00f3n, la discusi\u00f3n estuvo enfocada en los dict\u00e1menes de la comisi\u00f3n de Declaraciones, Derechos y Garant\u00edas, especialmente sobre el art\u00edculo 3, que trata la relaci\u00f3n entre la religi\u00f3n y el Estado, y los art\u00edculos 29 y 30, que definen los derechos pol\u00edticos de elegir y ser elegido.<\/p>\n\n\n\n<p>La Comisi\u00f3n Redactora emiti\u00f3 un dictamen parcial de mayor\u00eda en el que se acord\u00f3 incorporar tres cl\u00e1usulas transitorias, entre ellas la que establece que la nueva\u00a0<strong>Constituci\u00f3n de Santa Fe<\/strong>\u00a0entrar\u00e1 en\u00a0<strong>vigor el mismo d\u00eda de su publicaci\u00f3n oficial, es decir, el pr\u00f3ximo viernes 12 de septiembre<\/strong>. El tratamiento de los temas se organiz\u00f3 en cinco bloques tem\u00e1ticos, con la decisi\u00f3n de dividir el debate en dos etapas para abordar cinco de los diez t\u00f3picos prioritarios y posponer el an\u00e1lisis del resto para el s\u00e1bado.<\/p>\n\n\n\n<p>Uno de los momentos m\u00e1s destacados de la sesi\u00f3n fue la aprobaci\u00f3n de la reforma que impulsa la laicidad estatal. El art\u00edculo, que recibi\u00f3 50 votos afirmativos, diez negativos y siete abstenciones, introduce que la provincia de Santa Fe asegura la distinci\u00f3n entre el Estado y las organizaciones religiosas y no reconoce ninguna religi\u00f3n oficial. El texto establece que \u201cla relaci\u00f3n entre el Estado, la Iglesia Cat\u00f3lica, las iglesias y los cultos legalmente reconocidos se rige por los principios de autonom\u00eda, igualdad, no discriminaci\u00f3n, cooperaci\u00f3n y neutralidad\u201d.<\/p>\n\n\n\n<p>El diputado provincial, pastor evang\u00e9lico y convencional constituyente\u00a0<strong>Walter Ghione<\/strong>\u00a0fue el encargado de defender el dictamen de mayor\u00eda, resaltando que el art\u00edculo vigente es \u201canacr\u00f3nico\u201d y contraviene los valores democr\u00e1ticos de igualdad y libertad de conciencia. Al cierre de su intervenci\u00f3n, el gobernador\u00a0<strong>Maximiliano Pullaro<\/strong>\u00a0se acerc\u00f3 para saludar y felicitar a Ghione, gesto que se interpret\u00f3 como un respaldo expl\u00edcito a la reforma.<\/p>\n\n\n\n<p>El ministro de Obras P\u00fablicas y convencional oficialista&nbsp;<strong>Lisandro Enrico<\/strong>&nbsp;tambi\u00e9n defendi\u00f3 el nuevo art\u00edculo, al se\u00f1alar que refleja la cooperaci\u00f3n cotidiana que existe entre el Estado y las organizaciones religiosas, sin establecer privilegios ni una separaci\u00f3n absoluta. \u201cSe hace menci\u00f3n a algo que ocurre todos los d\u00edas, que es la cooperaci\u00f3n entre el mundo de la fe y el accionar del Estado\u201d, indic\u00f3 Enrico, quien subray\u00f3 la importancia de regular los v\u00ednculos sin fijar una religi\u00f3n oficial ni otorgar ventajas a ninguna confesi\u00f3n.<\/p>\n\n\n\n<p>El debate incluy\u00f3 tambi\u00e9n la aprobaci\u00f3n del art\u00edculo 29, que introduce el sistema conocido como&nbsp;<strong>Ficha Limpia<\/strong>. El dictamen de mayor\u00eda, apoyado por 51 votos afirmativos, estipula que ninguna persona podr\u00e1 ser candidata a cargos electivos si fue condenada por delitos dolosos en las condiciones que determine la ley. La figura de&nbsp;<strong>Ficha Limpia<\/strong>&nbsp;busca impedir el acceso a cargos p\u00fablicos a quienes cuenten con condenas penales por determinados delitos, aunque la especificidad de los casos y la naturaleza de las condenas quedar\u00e1 sujeta a regulaci\u00f3n legislativa provincial.<\/p>\n\n\n\n<p>Desde 2022,&nbsp;<strong>Santa Fe<\/strong>&nbsp;cuenta con una ley de Ficha Limpia, que se implement\u00f3 en las elecciones de 2023, convirti\u00e9ndose as\u00ed en la sexta provincia argentina en adoptar formalmente este mecanismo, tras&nbsp;<strong>Chubut<\/strong>,&nbsp;<strong>Mendoza<\/strong>,&nbsp;<strong>Salta<\/strong>,&nbsp;<strong>Jujuy<\/strong>&nbsp;y&nbsp;<strong>San Juan<\/strong>. La discusi\u00f3n parlamentaria se centr\u00f3 en la necesidad de precisar el alcance de la norma tomando en cuenta el tipo de delitos y el estado de las condenas para evitar futuras controversias sobre la exclusi\u00f3n de precandidatos.<\/p>\n\n\n\n<p>Adem\u00e1s, el avance de la Convenci\u00f3n incluy\u00f3 la aprobaci\u00f3n de los cambios en los art\u00edculos 2, 29, 30 y 5, con la previsi\u00f3n de tratar los art\u00edculos 9, 11, 13 y 17 en las pr\u00f3ximas sesiones. El incremento en la participaci\u00f3n de representantes de todos los bloques pol\u00edticos garantiz\u00f3 un debate amplio y plural, donde las voces opositoras y oficialistas se alternaron para defender distintas posturas sobre el futuro institucional de la provincia.<\/p>\n\n\n\n<p>La comisi\u00f3n redactora, integrada por convencionales de diferentes fuerzas, acord\u00f3 que la nueva constituci\u00f3n ser\u00e1 aprobada el martes 9 de septiembre, con una lectura completa del texto reformado y su votaci\u00f3n formal. El acto de jura se prev\u00e9 para el viernes 12 de septiembre a las 17 horas, en la explanada de la&nbsp;<strong>Legislatura provincial<\/strong>, con la presencia de representantes de los tres poderes del Estado y autoridades municipales de toda la provincia.<a href=\"https:\/\/www.infobae.com\/economia\/2025\/09\/06\/que-va-a-pasar-con-el-dolar-las-claves-de-la-intervencion-del-gobierno-en-el-mercado-antes-de-las-elecciones-bonaerenses\/\" target=\"_blank\" rel=\"noreferrer noopener\"><\/a><\/p>\n\n\n\n<p><a href=\"https:\/\/www.infobae.com\/sociedad\/2025\/09\/06\/avanza-un-proyecto-para-regular-la-tenencia-de-perros-peligrosos-en-santa-fe-las-razas-que-serian-incluidas\/\" target=\"_blank\" rel=\"noreferrer noopener\"><\/a><\/p>\n\n\n\n<p><a href=\"https:\/\/www.infobae.com\/sociedad\/2025\/09\/06\/tras-la-crecida-del-rio-carcarana-comenzaron-las-tareas-para-evaluar-los-danos-en-la-ex-ruta-9\/\" target=\"_blank\" rel=\"noreferrer noopener\"><\/a><\/p>\n","protected":false},"excerpt":{"rendered":"<p>La nueva Carta Magna se votar\u00e1 el 9 de septiembre y entrar\u00e1 en vigor el d\u00eda de la jura, el 12 de septiembre. La\u00a0Convenci\u00f3n Reformadora de Santa Fe\u00a0avanz\u00f3 este viernes&hellip; <\/p>\n","protected":false},"author":6,"featured_media":225835,"comment_status":"closed","ping_status":"open","sticky":false,"template":"","format":"standard","meta":{"footnotes":""},"categories":[3],"tags":[],"class_list":["post-225832","post","type-post","status-publish","format-standard","has-post-thumbnail","hentry","category-politica"],"_links":{"self":[{"href":"https:\/\/corrientesdetarde.com\/index.php\/wp-json\/wp\/v2\/posts\/225832","targetHints":{"allow":["GET"]}}],"collection":[{"href":"https:\/\/corrientesdetarde.com\/index.php\/wp-json\/wp\/v2\/posts"}],"about":[{"href":"https:\/\/corrientesdetarde.com\/index.php\/wp-json\/wp\/v2\/types\/post"}],"author":[{"embeddable":true,"href":"https:\/\/corrientesdetarde.com\/index.php\/wp-json\/wp\/v2\/users\/6"}],"replies":[{"embeddable":true,"href":"https:\/\/corrientesdetarde.com\/index.php\/wp-json\/wp\/v2\/comments?post=225832"}],"version-history":[{"count":1,"href":"https:\/\/corrientesdetarde.com\/index.php\/wp-json\/wp\/v2\/posts\/225832\/revisions"}],"predecessor-version":[{"id":225836,"href":"https:\/\/corrientesdetarde.com\/index.php\/wp-json\/wp\/v2\/posts\/225832\/revisions\/225836"}],"wp:featuredmedia":[{"embeddable":true,"href":"https:\/\/corrientesdetarde.com\/index.php\/wp-json\/wp\/v2\/media\/225835"}],"wp:attachment":[{"href":"https:\/\/corrientesdetarde.com\/index.php\/wp-json\/wp\/v2\/media?parent=225832"}],"wp:term":[{"taxonomy":"category","embeddable":true,"href":"https:\/\/corrientesdetarde.com\/index.php\/wp-json\/wp\/v2\/categories?post=225832"},{"taxonomy":"post_tag","embeddable":true,"href":"https:\/\/corrientesdetarde.com\/index.php\/wp-json\/wp\/v2\/tags?post=225832"}],"curies":[{"name":"wp","href":"https:\/\/api.w.org\/{rel}","templated":true}]}}