{"id":225833,"date":"2025-09-06T11:30:00","date_gmt":"2025-09-06T14:30:00","guid":{"rendered":"https:\/\/corrientesdetarde.com\/?p=225833"},"modified":"2025-09-06T11:31:07","modified_gmt":"2025-09-06T14:31:07","slug":"el-ultimo-adios-a-giorgio-armani-en-milan","status":"publish","type":"post","link":"https:\/\/corrientesdetarde.com\/index.php\/espectaculos\/el-ultimo-adios-a-giorgio-armani-en-milan\/","title":{"rendered":"El \u00faltimo adi\u00f3s a Giorgio Armani en Mil\u00e1n."},"content":{"rendered":"\n<h2 class=\"wp-block-heading\">El \u00edcono de la moda muri\u00f3 a los 91 a\u00f1os y sus admiradores hicieron fila desde temprano para poder acceder a la ceremonia organizada por sus familiares.<\/h2>\n\n\n\n<p>Miles de personas llegaron al\u00a0<strong>velorio de Giorgio Armani<\/strong>\u00a0para darle el \u00faltimo adi\u00f3s en\u00a0<strong>Mil\u00e1n<\/strong>,\u00a0la ciudad que lo vio brillar. Sus familiares autorizaron a una ceremonia p\u00fablica durante este s\u00e1bado y domingo para luego darle paso a una despedida privada, donde solo podr\u00e1n acceder las personas autorizadas.<\/p>\n\n\n\n<p>El grupo Armani convoc\u00f3 a todos los admiradores de la leyenda de la moda para que se acercaran al Armani\/Teatro, y las primeras fotos que se conocieron del evento mostraron que la estrella fue velada a caj\u00f3n cerrado.<\/p>\n\n\n\n<p>Giorgio Armani muri\u00f3 este jueves a los 91 a\u00f1os en su casa y rodeado de sus seres queridos. \u201cCon una tristeza infinita, anunciamos el deceso de su creador, fundador y motor infatigable\u201d, anunciaron desde su empresa en un breve comunicado.<\/p>\n\n\n\n<figure class=\"wp-block-image\"><img decoding=\"async\" src=\"https:\/\/tn.com.ar\/resizer\/v2\/giorgio-armani-esta-siendo-velado-a-cajon-cerrado-foto-reutersgonzalo-fuentes-IS4AYNYMGXRK7PYCEFFOAZVHJY.jpg?auth=f665918e3c8bacd431e770cdb95a129c1241a38b30819acb929c46ad3b60e84b&amp;width=767\" alt=\"Giorgio Armani est\u00e1 siendo velado a caj\u00f3n cerrado. (Foto: REUTERS\/Gonzalo Fuentes)\"\/><figcaption class=\"wp-element-caption\">Giorgio Armani est\u00e1 siendo velado a caj\u00f3n cerrado. (Foto: REUTERS\/Gonzalo Fuentes)<\/figcaption><\/figure>\n\n\n\n<figure class=\"wp-block-image size-large\"><img loading=\"lazy\" decoding=\"async\" width=\"1024\" height=\"683\" src=\"https:\/\/corrientesdetarde.com\/wp-content\/uploads\/2025\/09\/image-192-1024x683.png\" alt=\"\" class=\"wp-image-225840\" srcset=\"https:\/\/corrientesdetarde.com\/wp-content\/uploads\/2025\/09\/image-192-1024x683.png 1024w, https:\/\/corrientesdetarde.com\/wp-content\/uploads\/2025\/09\/image-192-300x200.png 300w, https:\/\/corrientesdetarde.com\/wp-content\/uploads\/2025\/09\/image-192-768x512.png 768w, https:\/\/corrientesdetarde.com\/wp-content\/uploads\/2025\/09\/image-192.png 1440w\" sizes=\"auto, (max-width: 1024px) 100vw, 1024px\" \/><\/figure>\n\n\n\n<h2 class=\"wp-block-heading\">Armani, un adicto al trabajo<\/h2>\n\n\n\n<p>El dise\u00f1ador hab\u00eda revelado que su mayor arrepentimiento en la vida era \u201c<strong>pasar demasiadas horas trabajando<\/strong>&nbsp;y no suficiente tiempo con amigos y familiares\u201d.<\/p>\n\n\n\n<p>\u201cHoy, con profunda emoci\u00f3n, sentimos el vac\u00edo dejado por quien fund\u00f3 y nutri\u00f3 esta familia con visi\u00f3n, pasi\u00f3n y dedicaci\u00f3n, pero es precisamente en su esp\u00edritu que nosotros, los empleados y los miembros de la familia que siempre hemos trabajado junto al Sr. Armani, nos comprometemos a<strong>&nbsp;proteger lo que \u00e9l construy\u00f3&nbsp;<\/strong>y a llevar su empresa adelante en su memoria, con respeto, responsabilidad y amor\u201d se\u00f1al\u00f3 su marca.<\/p>\n\n\n\n<figure class=\"wp-block-image\"><img decoding=\"async\" src=\"https:\/\/tn.com.ar\/resizer\/v2\/giorgio-armani-murio-a-los-91-anos-foto-ap-4PO2H527GNC75NXPRF66RG3ILM.jpg?auth=02fd70f52e23b0477cbb20d49db134fc330962151569a47abc049c1f91a3e6d2&amp;width=767\" alt=\"Giorgio Armani muri\u00f3 a los 91 a\u00f1os. (Foto: AP)\"\/><figcaption class=\"wp-element-caption\">Giorgio Armani muri\u00f3 a los 91 a\u00f1os. (Foto: AP)<\/figcaption><\/figure>\n\n\n\n<p>Armani fue CEO y director creativo hasta su muerte y dijo en su \u00faltima entrevista el pasado fin de semana: \u201cMi mayor debilidad es que tengo el control de todo\u201d.<\/p>\n","protected":false},"excerpt":{"rendered":"<p>El \u00edcono de la moda muri\u00f3 a los 91 a\u00f1os y sus admiradores hicieron fila desde temprano para poder acceder a la ceremonia organizada por sus familiares. Miles de personas&hellip; <\/p>\n","protected":false},"author":6,"featured_media":225839,"comment_status":"closed","ping_status":"open","sticky":false,"template":"","format":"standard","meta":{"footnotes":""},"categories":[19],"tags":[],"class_list":["post-225833","post","type-post","status-publish","format-standard","has-post-thumbnail","hentry","category-espectaculos"],"_links":{"self":[{"href":"https:\/\/corrientesdetarde.com\/index.php\/wp-json\/wp\/v2\/posts\/225833","targetHints":{"allow":["GET"]}}],"collection":[{"href":"https:\/\/corrientesdetarde.com\/index.php\/wp-json\/wp\/v2\/posts"}],"about":[{"href":"https:\/\/corrientesdetarde.com\/index.php\/wp-json\/wp\/v2\/types\/post"}],"author":[{"embeddable":true,"href":"https:\/\/corrientesdetarde.com\/index.php\/wp-json\/wp\/v2\/users\/6"}],"replies":[{"embeddable":true,"href":"https:\/\/corrientesdetarde.com\/index.php\/wp-json\/wp\/v2\/comments?post=225833"}],"version-history":[{"count":1,"href":"https:\/\/corrientesdetarde.com\/index.php\/wp-json\/wp\/v2\/posts\/225833\/revisions"}],"predecessor-version":[{"id":225841,"href":"https:\/\/corrientesdetarde.com\/index.php\/wp-json\/wp\/v2\/posts\/225833\/revisions\/225841"}],"wp:featuredmedia":[{"embeddable":true,"href":"https:\/\/corrientesdetarde.com\/index.php\/wp-json\/wp\/v2\/media\/225839"}],"wp:attachment":[{"href":"https:\/\/corrientesdetarde.com\/index.php\/wp-json\/wp\/v2\/media?parent=225833"}],"wp:term":[{"taxonomy":"category","embeddable":true,"href":"https:\/\/corrientesdetarde.com\/index.php\/wp-json\/wp\/v2\/categories?post=225833"},{"taxonomy":"post_tag","embeddable":true,"href":"https:\/\/corrientesdetarde.com\/index.php\/wp-json\/wp\/v2\/tags?post=225833"}],"curies":[{"name":"wp","href":"https:\/\/api.w.org\/{rel}","templated":true}]}}