{"id":225842,"date":"2025-09-06T11:40:00","date_gmt":"2025-09-06T14:40:00","guid":{"rendered":"https:\/\/corrientesdetarde.com\/?p=225842"},"modified":"2025-09-06T11:35:21","modified_gmt":"2025-09-06T14:35:21","slug":"la-bienal-de-san-pablo-abre-sus-puertas-con-un-llamado-a-la-convivencia-y-la-diversidad-artistica","status":"publish","type":"post","link":"https:\/\/corrientesdetarde.com\/index.php\/internacionales\/la-bienal-de-san-pablo-abre-sus-puertas-con-un-llamado-a-la-convivencia-y-la-diversidad-artistica\/","title":{"rendered":"La Bienal de San Pablo abre sus puertas con un llamado a la convivencia y la diversidad art\u00edstica."},"content":{"rendered":"\n<h2 class=\"wp-block-heading\">La mayor muestra de arte contempor\u00e1neo del hemisferio sur inicia su edici\u00f3n 36, con la figura metaf\u00f3rica del estuario como lugar de encuentro en un tiempo de tensiones globales.<\/h2>\n\n\n\n<p>La&nbsp;<strong>Bienal de San Pablo<\/strong>, la mayor muestra de arte contempor\u00e1neo del hemisferio sur, se inaugura este s\u00e1bado con una reivindicaci\u00f3n de la convivencia con lo diferente, en una \u00e9poca marcada por las tensiones geopol\u00edticas y la sombra de la intolerancia en los Estados Unidos de&nbsp;<strong>Donald Trump<\/strong>.<\/p>\n\n\n\n<p>Tres grandes tapices cubren una de las paredes del pabell\u00f3n y sumergen al visitante en una confusi\u00f3n de olas y de brazos y piernas entrelazadas que nadan o flotan en un r\u00edo. La serie\u00a0<em><strong>Desenterrado<\/strong><\/em>\u00a0de la nigeriana<strong>\u00a0Otobong Nkanga\u00a0<\/strong>reflexiona sobre la relaci\u00f3n de interdependencia entre los seres humanos y entre ellos y la naturaleza que los rodea, uno de los grandes temas de la exposici\u00f3n, titulada\u00a0<em><strong>Ni todo caminante anda carreteras &#8211; de la humanidad como pr\u00e1ctica<\/strong><\/em>.<img loading=\"lazy\" decoding=\"async\" height=\"810\" width=\"1440\" src=\"https:\/\/www.infobae.com\/resizer\/v2\/IFAFNL3IA5FRLMJWARC2EE4GKM.jpg?auth=84a168bca7bc9578a1a983421d32e63d9ac90270bae882cb576814b2d41c06a6&amp;smart=true&amp;width=350&amp;height=197&amp;quality=85\" alt=\"La Bienal de San Pablo\">La Bienal de San Pablo re\u00fane m\u00e1s de 1.000 obras de 125 artistas de todo el mundo en el emblem\u00e1tico edificio creado por Oscar Niemeyer.<\/p>\n\n\n\n<p>La trig\u00e9simo sexta edici\u00f3n de la Bienal, que re\u00fane m\u00e1s de 1.000 obras de 125 artistas, toma como eje&nbsp;<strong>la met\u00e1fora del estuario<\/strong>, un lugar de encuentro entre las aguas dulces del r\u00edo y las saladas del oc\u00e9ano, para reflexionar sobre la riqueza de las mezclas. Para la historiadora del arte brasile\u00f1a&nbsp;<strong>Keyna Eleison<\/strong>, miembro del equipo de curadores liderado por el camerun\u00e9s&nbsp;<strong>Bonaventure Soh Bejeng Ndikung<\/strong>, el estuario es un \u201cespacio de caos de donde sale mucha vida\u201d. \u201cEs en ese lugar que podemos tener humanidades que no necesariamente est\u00e1n de acuerdo, pero que viven, conviven, festejan, dialogan y se mueven\u201d, afirma.<\/p>\n\n\n\n<p>Las esculturas met\u00e1licas imaginadas por la brasile\u00f1a\u00a0<strong>Rebeca Carapi\u00e1\u00a0<\/strong>tras una estancia en los r\u00edos de la Amazonia hablan de ese equilibrio, de esa riqueza. En\u00a0<em><strong>C\u00f3mo crear ra\u00edces a\u00e9reas<\/strong><\/em>, Carapi\u00e1 moldea las sinuosas formas de una especie de palmera cuyas ra\u00edces no est\u00e1n soterradas bajo tierra, sino que se mantienen expuestas en busca de la luz del sol y de nutrientes.<img loading=\"lazy\" decoding=\"async\" height=\"1280\" width=\"1920\" src=\"https:\/\/www.infobae.com\/resizer\/v2\/SHRICHTYJBFFJGSPGVM452ETWQ.jpg?auth=8ef58dcaca5ea2390015350d4306821e2c038847caa95cf39114739d5f94d165&amp;smart=true&amp;width=350&amp;height=233&amp;quality=85\" alt=\"La exposici\u00f3n trasciende fronteras nacionales\">La exposici\u00f3n trasciende fronteras nacionales y prioriza la noci\u00f3n de territorio sobre la de pa\u00eds<\/p>\n\n\n\n<p>En un mundo marcado por el conflicto y por el auge de los discursos de odio contra el diferente,&nbsp;<strong>Keyna Eleison&nbsp;<\/strong>apunta que la exposici\u00f3n puede tener una \u201clectura de actualidad\u201d, ya que el arte es una forma de \u201centender convivencias\u201d que no siempre son f\u00e1ciles pero que necesitan ser \u201crespetuosas\u201d.<\/p>\n\n\n\n<p>As\u00ed, la estructura&nbsp;<em><strong>Portales a mundos sumergidos<\/strong><\/em>&nbsp;creada por el zimbabuense&nbsp;<strong>Moffat Takadiwa<\/strong>&nbsp;a partir de deshechos de pl\u00e1stico, desde tapas de botellas a cabezales de cepillos de dientes, invita a los visitantes a entrar en esta especie de&nbsp;<em>jaima<\/em>&nbsp;o de nav\u00edo para viajar hacia un mundo nuevo basado en la sustentabilidad y el cuidado.<\/p>\n\n\n\n<h2 class=\"wp-block-heading\">Territorios, no pa\u00edses<\/h2>\n\n\n\n<p>La Bienal exhibe obras de artistas procedentes de casi todos los continentes, pero los organizadores no han calculado cu\u00e1ntos pa\u00edses est\u00e1n representados porque la premisa es trascender los l\u00edmites de los estados y dar m\u00e1s importancia a los territorios.&nbsp;<strong>Keyna Eleison<\/strong>&nbsp;explica que la idea de territorio es \u201cmucho m\u00e1s amplia\u201d que la de pa\u00eds y que, adem\u00e1s, antecede a la formaci\u00f3n de los segundos.<img loading=\"lazy\" decoding=\"async\" alt=\"El equipo curatorial de la\" height=\"864\" src=\"https:\/\/www.infobae.com\/resizer\/v2\/OQDR7XGJMNFW3IW4JYIFEVSV5M.jpg?auth=806b22784fa1320f96749c7ad2deb760666e0e8e706f99818acf034929e2e4ff&amp;smart=true&amp;width=350&amp;height=280&amp;quality=85\" width=\"1080\">El equipo curatorial de la Bienal de San Pablo, liderado por el comisario camerun\u00e9s de arte contempor\u00e1neo Bonaventure Soh Bejeng Ndikung<\/p>\n\n\n\n<p>\u201cQueremos pasar por r\u00edos, oc\u00e9anos, selvas, ciudades que van m\u00e1s all\u00e1 de los contornos nacionales, y pensar en vivencias que exist\u00edan antes de que esos territorios fueran nombrados como pa\u00edses\u201d, se\u00f1ala.<\/p>\n\n\n\n<p>La Bienal, que se realiza en el emblem\u00e1tico edificio dise\u00f1ado por el arquitecto&nbsp;<strong>Oscar Niemeyer<\/strong>&nbsp;en el Parque Ibirapuera de la megal\u00f3polis brasile\u00f1a, estar\u00e1 abierta al p\u00fablico hasta el 11 de enero, la edici\u00f3n m\u00e1s larga desde sus inicios en 1951.<a href=\"https:\/\/www.infobae.com\/cultura\/2025\/09\/05\/murio-guillermo-brizzio-referente-de-la-musica-clasica-argentina\/\" target=\"_blank\" rel=\"noreferrer noopener\"><\/a><\/p>\n\n\n\n<p><a href=\"https:\/\/www.infobae.com\/cultura\/2025\/09\/06\/fotografia-y-sostenibilidad-se-encuentran-en-fundacion-proa-con-los-finalistas-internacionales-del-premio-pictet\/\" target=\"_blank\" rel=\"noreferrer noopener\"><\/a><\/p>\n\n\n\n<p><a href=\"https:\/\/www.infobae.com\/cultura\/2025\/09\/06\/festival-de-venecia-cuales-son-las-peliculas-favoritas-para-llevarse-el-leon-de-oro\/\" target=\"_blank\" rel=\"noreferrer noopener\"><\/a><\/p>\n","protected":false},"excerpt":{"rendered":"<p>La mayor muestra de arte contempor\u00e1neo del hemisferio sur inicia su edici\u00f3n 36, con la figura metaf\u00f3rica del estuario como lugar de encuentro en un tiempo de tensiones globales. La&nbsp;Bienal&hellip; <\/p>\n","protected":false},"author":6,"featured_media":225843,"comment_status":"closed","ping_status":"open","sticky":false,"template":"","format":"standard","meta":{"footnotes":""},"categories":[11],"tags":[],"class_list":["post-225842","post","type-post","status-publish","format-standard","has-post-thumbnail","hentry","category-internacionales"],"_links":{"self":[{"href":"https:\/\/corrientesdetarde.com\/index.php\/wp-json\/wp\/v2\/posts\/225842","targetHints":{"allow":["GET"]}}],"collection":[{"href":"https:\/\/corrientesdetarde.com\/index.php\/wp-json\/wp\/v2\/posts"}],"about":[{"href":"https:\/\/corrientesdetarde.com\/index.php\/wp-json\/wp\/v2\/types\/post"}],"author":[{"embeddable":true,"href":"https:\/\/corrientesdetarde.com\/index.php\/wp-json\/wp\/v2\/users\/6"}],"replies":[{"embeddable":true,"href":"https:\/\/corrientesdetarde.com\/index.php\/wp-json\/wp\/v2\/comments?post=225842"}],"version-history":[{"count":1,"href":"https:\/\/corrientesdetarde.com\/index.php\/wp-json\/wp\/v2\/posts\/225842\/revisions"}],"predecessor-version":[{"id":225844,"href":"https:\/\/corrientesdetarde.com\/index.php\/wp-json\/wp\/v2\/posts\/225842\/revisions\/225844"}],"wp:featuredmedia":[{"embeddable":true,"href":"https:\/\/corrientesdetarde.com\/index.php\/wp-json\/wp\/v2\/media\/225843"}],"wp:attachment":[{"href":"https:\/\/corrientesdetarde.com\/index.php\/wp-json\/wp\/v2\/media?parent=225842"}],"wp:term":[{"taxonomy":"category","embeddable":true,"href":"https:\/\/corrientesdetarde.com\/index.php\/wp-json\/wp\/v2\/categories?post=225842"},{"taxonomy":"post_tag","embeddable":true,"href":"https:\/\/corrientesdetarde.com\/index.php\/wp-json\/wp\/v2\/tags?post=225842"}],"curies":[{"name":"wp","href":"https:\/\/api.w.org\/{rel}","templated":true}]}}