{"id":225845,"date":"2025-09-06T11:50:00","date_gmt":"2025-09-06T14:50:00","guid":{"rendered":"https:\/\/corrientesdetarde.com\/?p=225845"},"modified":"2025-09-06T11:47:07","modified_gmt":"2025-09-06T14:47:07","slug":"guillermo-francos-volvio-a-apuntar-contra-la-pareja-de-marcela-pagano","status":"publish","type":"post","link":"https:\/\/corrientesdetarde.com\/index.php\/politica\/guillermo-francos-volvio-a-apuntar-contra-la-pareja-de-marcela-pagano\/","title":{"rendered":"Guillermo Francos volvi\u00f3 a apuntar contra la pareja de Marcela Pagano."},"content":{"rendered":"\n<h2 class=\"wp-block-heading\">El ministro coordinador reaccion\u00f3 a una entrevista de Gisella Robles \u2014que asegura ser expareja y socia de Franco Bindi\u2014 en la que afirma \u201cno tener dudas de que particip\u00f3\u201d del esquema de grabaciones filtradas de integrantes del Ejecutivo.<\/h2>\n\n\n\n<p><strong>El jefe de gabinete,\u00a0Guillermo Francos, volvi\u00f3 a apuntar contra la pareja de la diputada\u00a0Marcela Pagano<\/strong>, el abogado Franco Bindi, que fue uno de los se\u00f1alados por el Gobierno en su denuncia ante la Justicia por la filtraci\u00f3n de audios de\u00a0<strong>Diego Spagnuolo y de Karina Milei.\u00a0<\/strong>En la presentaci\u00f3n se se\u00f1al\u00f3 una \u201coperaci\u00f3n de inteligencia ilegal\u201d.<\/p>\n\n\n\n<p>El ministro coordinador reaccion\u00f3 a una entrevista de&nbsp;<strong>Gisella Robles<\/strong>&nbsp;-que asegura ser expareja y socia de Bindi- en la que afirma \u201cno tener dudas de que particip\u00f3\u201d del esquema de grabaciones filtradas de integrantes del Ejecutivo.<\/p>\n\n\n\n<p>\u201c<strong>La expareja de Bindi afirma que \u00e9l mismo particip\u00f3 en la filtraci\u00f3n de los audios\u2026 Qu\u00e9 sorpresa\u2026Adem\u00e1s, tiene v\u00ednculos con \u2018agentes de la SIDE<\/strong>, Hugo Moyano, el radical K Leopoldo Moreau, Luis D\u2019El\u00eda y el chavismo\u2019.\u00bfY ahora?\u201c, expres\u00f3 el jefe de ministros.<\/p>\n\n\n\n<p><strong>Pagano no tard\u00f3 en responder. \u201cSi esto es lo mejor que tienen en nuestra contra, ahora me explico por qu\u00e9 el pa\u00eds est\u00e1 como est\u00e1<\/strong>. Una psicopata al mejor estilo beb\u00e9 Reno, pasamos del espionaje ruso y venezolano al drama pasional. Son un meme con patas\u201d, escribi\u00f3.<\/p>\n\n\n\n<p><strong>\u201cQu\u00e9 le parece si hablamos de CORRUPCI\u00d3N? Se la llevaron del Andis si o no?<\/strong>&nbsp;Menem lo hizo? La filtraci\u00f3n para que Ud se\u00f1ale como incapaz a Santiago Caputo al frente de la SIDE se la armaron estos dos especialistas en espionaje Vila y Armelino?\u201d, agreg\u00f3.<\/p>\n\n\n\n<p><strong>Bindi se expres\u00f3 tambi\u00e9n a trav\u00e9s de sus redes sociales: \u201cSobre los dichos de esta mujer a la que supe darle trabajo: JAM\u00c1S fue mi pareja<\/strong>. Por eso act\u00faa como una psic\u00f3pata al mejor estilo Beb\u00e9 Reno. No hablo con ella hace a\u00f1os (por mi decisi\u00f3n)\u201c.<\/p>\n\n\n\n<p><strong>Pagano luego apunt\u00f3 contra el secretario de Asuntos Estrat\u00e9gicos, Jos\u00e9 Luis Vila<\/strong>: \u201cGuille\u2026 pero habla de Jos\u00e9 Luis Vila, que es tu jefe de asesores\u2026 y ahora? Vas a poner a Armelino en la SIDE? Muchachos se les nota mucho la opereta. Van por Santiago Caputo y tienen sed de la caja de los fondos reservados. As\u00ed esta el pa\u00eds&#8221;.<\/p>\n\n\n\n<p><strong>El&nbsp;Gobierno<\/strong>&nbsp;<strong>denunci\u00f3 este lunes ante la&nbsp;Justicia federal&nbsp;una presunta&nbsp;\u201coperaci\u00f3n de inteligencia ilegal\u201d<\/strong>&nbsp;que tuvo como presunto objetivo \u201cdesestabilizar al pa\u00eds en plena campa\u00f1a electoral\u201d mediante la difusi\u00f3n de&nbsp;audios privados&nbsp;de la secretaria general de la Presidencia,&nbsp;Karina Milei, y otros funcionarios del Ejecutivo.<\/p>\n\n\n\n<p>La presentaci\u00f3n judicial fue realizada por el\u00a0<strong>Ministerio de Seguridad<\/strong>, encabezado por Patricia Bullrich, y qued\u00f3 radicada en el\u00a0<strong>juzgado federal N.\u00ba 10<\/strong>. En el escrito, se se\u00f1ala que la maniobra constituye \u201cun\u00a0<strong>ataque planificado<\/strong>\u00a0para alterar la opini\u00f3n p\u00fablica y quebrar las reglas de juego de la democracia\u201d, y que se tratar\u00eda de \u201cuna operaci\u00f3n de inteligencia no institucional prohibida por la Ley 25.520\u201d.<\/p>\n","protected":false},"excerpt":{"rendered":"<p>El ministro coordinador reaccion\u00f3 a una entrevista de Gisella Robles \u2014que asegura ser expareja y socia de Franco Bindi\u2014 en la que afirma \u201cno tener dudas de que particip\u00f3\u201d del&hellip; <\/p>\n","protected":false},"author":6,"featured_media":225847,"comment_status":"closed","ping_status":"open","sticky":false,"template":"","format":"standard","meta":{"footnotes":""},"categories":[3],"tags":[],"class_list":["post-225845","post","type-post","status-publish","format-standard","has-post-thumbnail","hentry","category-politica"],"_links":{"self":[{"href":"https:\/\/corrientesdetarde.com\/index.php\/wp-json\/wp\/v2\/posts\/225845","targetHints":{"allow":["GET"]}}],"collection":[{"href":"https:\/\/corrientesdetarde.com\/index.php\/wp-json\/wp\/v2\/posts"}],"about":[{"href":"https:\/\/corrientesdetarde.com\/index.php\/wp-json\/wp\/v2\/types\/post"}],"author":[{"embeddable":true,"href":"https:\/\/corrientesdetarde.com\/index.php\/wp-json\/wp\/v2\/users\/6"}],"replies":[{"embeddable":true,"href":"https:\/\/corrientesdetarde.com\/index.php\/wp-json\/wp\/v2\/comments?post=225845"}],"version-history":[{"count":1,"href":"https:\/\/corrientesdetarde.com\/index.php\/wp-json\/wp\/v2\/posts\/225845\/revisions"}],"predecessor-version":[{"id":225848,"href":"https:\/\/corrientesdetarde.com\/index.php\/wp-json\/wp\/v2\/posts\/225845\/revisions\/225848"}],"wp:featuredmedia":[{"embeddable":true,"href":"https:\/\/corrientesdetarde.com\/index.php\/wp-json\/wp\/v2\/media\/225847"}],"wp:attachment":[{"href":"https:\/\/corrientesdetarde.com\/index.php\/wp-json\/wp\/v2\/media?parent=225845"}],"wp:term":[{"taxonomy":"category","embeddable":true,"href":"https:\/\/corrientesdetarde.com\/index.php\/wp-json\/wp\/v2\/categories?post=225845"},{"taxonomy":"post_tag","embeddable":true,"href":"https:\/\/corrientesdetarde.com\/index.php\/wp-json\/wp\/v2\/tags?post=225845"}],"curies":[{"name":"wp","href":"https:\/\/api.w.org\/{rel}","templated":true}]}}