{"id":225846,"date":"2025-09-06T12:00:00","date_gmt":"2025-09-06T15:00:00","guid":{"rendered":"https:\/\/corrientesdetarde.com\/?p=225846"},"modified":"2025-09-06T11:49:15","modified_gmt":"2025-09-06T14:49:15","slug":"la-facultad-de-medicina-sera-sede-del-xxv-congreso-argentino-de-educacion-medica","status":"publish","type":"post","link":"https:\/\/corrientesdetarde.com\/index.php\/locales\/la-facultad-de-medicina-sera-sede-del-xxv-congreso-argentino-de-educacion-medica\/","title":{"rendered":"La Facultad de Medicina ser\u00e1 sede del XXV Congreso Argentino de Educaci\u00f3n M\u00e9dica."},"content":{"rendered":"\n<h2 class=\"wp-block-heading\">La Facultad de Medicina de la Universidad Nacional del Nordeste (UNNE) se prepara para recibir a referentes de todo el pa\u00eds en el marco del XXV Congreso Argentino de Educaci\u00f3n M\u00e9dica (CAEM), que se desarrollar\u00e1 los d\u00edas 10, 11 y 12 de septiembre en las instalaciones de la casa de altos estudios y en el Sal\u00f3n Auditorio del Hospital Escuela de la ciudad de Corrientes.<\/h2>\n\n\n\n<p>El evento, organizado por la Asociaci\u00f3n de Facultades de Ciencias M\u00e9dicas de la Rep\u00fablica Argentina (AFACIMERA), contar\u00e1 con la participaci\u00f3n de aproximadamente 40 facultades de Medicina de Argentina, tanto p\u00fablicas como privadas, adem\u00e1s de disertantes nacionales e internacionales, estudiantes y profesionales de la salud.<\/p>\n\n\n\n<p>Bajo el lema &#8220;Construyendo un puente hacia el futuro: Integraci\u00f3n de las carreras de grado a las residencias del equipo de salud, un modelo educativo sin fisuras&#8221;, el congreso propone un espacio de reflexi\u00f3n y construcci\u00f3n colectiva sobre los desaf\u00edos actuales y futuros de la formaci\u00f3n m\u00e9dica en el pa\u00eds.<\/p>\n\n\n\n<p>El decano de la Facultad de Medicina de la UNNE, Prof. Mario Germ\u00e1n Pagno, expres\u00f3 su satisfacci\u00f3n por la gran convocatoria, destacando la presencia de reconocidos disertantes de distintos lugares del pa\u00eds y del mundo, as\u00ed como la numerosa cantidad de trabajos de investigaci\u00f3n que ser\u00e1n exhibidos en los stands ubicados a lo largo de la Facultad.<\/p>\n\n\n\n<p>En este sentido, el decano se\u00f1al\u00f3: &#8220;El objetivo de este congreso, que se realiza todos los a\u00f1os, es establecer principios, alcances y nuevas modalidades de educaci\u00f3n m\u00e9dica adaptadas a la realidad de la educaci\u00f3n en nuestro pa\u00eds&#8221;.<\/p>\n\n\n\n<p>Asimismo, subray\u00f3: &#8220;Queremos mejorar activamente la planificaci\u00f3n en la educaci\u00f3n superior, especialmente en ciencias de la salud, y esto no solo incluye a la carrera de Medicina, sino tambi\u00e9n a Kinesiolog\u00eda, Enfermer\u00eda y Nutrici\u00f3n&#8221;.<\/p>\n\n\n\n<p>&nbsp;Prof. Mario Germ\u00e1n Pagno. Decano de la Facultad de Medicina de la UNNE<br>Adem\u00e1s, explic\u00f3 que el programa contempla mesas de trabajo con la CONEAU \u2013entidad responsable de la acreditaci\u00f3n de las distintas carreras\u2013 y con los ministerios de Educaci\u00f3n y de Salud, junto a talleres, exposiciones de posters y conferencias a cargo de invitados nacionales e internacionales sobre diversos temas vinculados con la educaci\u00f3n m\u00e9dica.<\/p>\n\n\n\n<p>Respecto a la modalidad del encuentro, indic\u00f3: &#8220;La idea es que el congreso sea presencial, pero como contamos con algunos invitados internacionales que dar\u00e1n sus conferencias desde Holanda, Espa\u00f1a y M\u00e9xico, la Facultad est\u00e1 preparada con aulas h\u00edbridas que permiten este tipo de tecnolog\u00eda&#8221;.<\/p>\n\n\n\n<p><strong>Los ejes tem\u00e1ticos del congreso ser\u00e1n:<\/strong><\/p>\n\n\n\n<p>Innovaci\u00f3n educativa y tecnolog\u00eda aplicadas a la ense\u00f1anza en salud.<br>Formaci\u00f3n integral, humanizaci\u00f3n y bienestar en salud.<br>Pr\u00e1cticas profesionales, interprofesionalismo y vinculaci\u00f3n con el sistema de salud.<br>Investigaci\u00f3n, gesti\u00f3n y compromiso social en la educaci\u00f3n en salud.<br>Finalmente, el decano resalt\u00f3 el empe\u00f1o y compromiso de todo el personal docente y no docente en la organizaci\u00f3n, en un marco donde la responsabilidad se potencia por el hecho de ser anfitriones de un evento de tal magnitud, cuya \u00faltima edici\u00f3n en Corrientes se realiz\u00f3 en el a\u00f1o 2013.<\/p>\n\n\n\n<p>Para m\u00e1s informaci\u00f3n sobre el CAEM 2025, ingresar al sitio web oficial del congreso: caem.med.unne.edu.ar&nbsp;<\/p>\n","protected":false},"excerpt":{"rendered":"<p>La Facultad de Medicina de la Universidad Nacional del Nordeste (UNNE) se prepara para recibir a referentes de todo el pa\u00eds en el marco del XXV Congreso Argentino de Educaci\u00f3n&hellip; <\/p>\n","protected":false},"author":6,"featured_media":225849,"comment_status":"closed","ping_status":"open","sticky":false,"template":"","format":"standard","meta":{"footnotes":""},"categories":[32,8],"tags":[],"class_list":["post-225846","post","type-post","status-publish","format-standard","has-post-thumbnail","hentry","category-educacion","category-locales"],"_links":{"self":[{"href":"https:\/\/corrientesdetarde.com\/index.php\/wp-json\/wp\/v2\/posts\/225846","targetHints":{"allow":["GET"]}}],"collection":[{"href":"https:\/\/corrientesdetarde.com\/index.php\/wp-json\/wp\/v2\/posts"}],"about":[{"href":"https:\/\/corrientesdetarde.com\/index.php\/wp-json\/wp\/v2\/types\/post"}],"author":[{"embeddable":true,"href":"https:\/\/corrientesdetarde.com\/index.php\/wp-json\/wp\/v2\/users\/6"}],"replies":[{"embeddable":true,"href":"https:\/\/corrientesdetarde.com\/index.php\/wp-json\/wp\/v2\/comments?post=225846"}],"version-history":[{"count":1,"href":"https:\/\/corrientesdetarde.com\/index.php\/wp-json\/wp\/v2\/posts\/225846\/revisions"}],"predecessor-version":[{"id":225850,"href":"https:\/\/corrientesdetarde.com\/index.php\/wp-json\/wp\/v2\/posts\/225846\/revisions\/225850"}],"wp:featuredmedia":[{"embeddable":true,"href":"https:\/\/corrientesdetarde.com\/index.php\/wp-json\/wp\/v2\/media\/225849"}],"wp:attachment":[{"href":"https:\/\/corrientesdetarde.com\/index.php\/wp-json\/wp\/v2\/media?parent=225846"}],"wp:term":[{"taxonomy":"category","embeddable":true,"href":"https:\/\/corrientesdetarde.com\/index.php\/wp-json\/wp\/v2\/categories?post=225846"},{"taxonomy":"post_tag","embeddable":true,"href":"https:\/\/corrientesdetarde.com\/index.php\/wp-json\/wp\/v2\/tags?post=225846"}],"curies":[{"name":"wp","href":"https:\/\/api.w.org\/{rel}","templated":true}]}}