{"id":225855,"date":"2025-09-06T14:49:25","date_gmt":"2025-09-06T17:49:25","guid":{"rendered":"https:\/\/corrientesdetarde.com\/?p=225855"},"modified":"2025-09-06T14:49:33","modified_gmt":"2025-09-06T17:49:33","slug":"lo-asfixie-para-mandarle-un-mensaje-a-la-mama-la-confesion-del-hombre-que-mato-a-su-hijo","status":"publish","type":"post","link":"https:\/\/corrientesdetarde.com\/index.php\/crimen-y-justicia\/lo-asfixie-para-mandarle-un-mensaje-a-la-mama-la-confesion-del-hombre-que-mato-a-su-hijo\/","title":{"rendered":"&#8220;Lo asfixi\u00e9 para mandarle un mensaje a la mam\u00e1&#8221;: la confesi\u00f3n del hombre que mat\u00f3 a su hijo"},"content":{"rendered":"\n<p>Alejandro Ruffo confes\u00f3 que fue \u00e9l quien asesin\u00f3 a su hijo Enzo, de 8 a\u00f1os, en Lomas de Zamora para &#8220;mandarle un mensaje a la mam\u00e1&#8221;, quien d\u00edas anteriores al caso le hab\u00eda pedido divorciarse. En estos momentos el acusado, que estuvo dos semanas internado al intentar suicidarse, ya se encuentra en una c\u00e1rcel de Melchor Romero.<\/p>\n\n\n\n<p>De acuerdo a la informaci\u00f3n que circul\u00f3 en las \u00faltimas horas, Ruffo le confes\u00f3 a un m\u00e9dico del hospital Gandulfo que asfixi\u00f3 al peque\u00f1o como venganza hacia su mujer.<\/p>\n\n\n\n<p>El acusado estuvo internado varias semanas desde el pasado 5 de agosto, d\u00eda en el que mat\u00f3 a su hijo y luego quiso quitarse la vida. Sin embargo, logr\u00f3 recuperarse y durante su periodo de recuperaci\u00f3n la fiscal\u00eda envi\u00f3 un m\u00e9dico para saber si estaban dadas las condiciones para que declare.<\/p>\n\n\n\n<p>En una de esas visitas, le retiraron la intubaci\u00f3n y fue all\u00ed donde expuso, seg\u00fan inform\u00f3 el medio TN, lo que hab\u00eda hecho con el ni\u00f1o: &#8220;Lo asfixi\u00e9 para mandarle un mensaje a la mam\u00e1&#8221;.<\/p>\n\n\n\n<p>Pese a que no es una declaraci\u00f3n formal, el profesional comunic\u00f3 lo expresado por el se\u00f1alado, por lo que se indic\u00f3 que esa frase ya fue incorporada a la causa.<\/p>\n\n\n\n<p>Desde hace varios d\u00edas Ruffo fue dado de alta y ya se encuentra alojado en la Unidad Penitenciaria N\u00b034 de Melchor Romero.<\/p>\n\n\n\n<p>Asimismo, se destac\u00f3 que la fiscal Fabiola Juanatey pidi\u00f3 que la prisi\u00f3n preventiva quede firme, medida que ahora deber\u00e1 determinar el juez de Garant\u00edas N\u00b08 del distrito, Gabriel Vitale.<\/p>\n\n\n\n<p><strong>&#8220;Me sacaste la vida&#8221;, el mensaje de la mam\u00e1 del nene asesinado por su pap\u00e1<\/strong><\/p>\n\n\n\n<p>D\u00edas despu\u00e9s del crimen, la mam\u00e1 de Enzo le coment\u00f3 una publicaci\u00f3n en redes sociales a su ex pareja donde expuso su enojo ante el hecho y manifest\u00f3 que le sac\u00f3 &#8220;la vida&#8221;.<\/p>\n\n\n\n<p>A fines de junio el acusado hizo una publicaci\u00f3n con varias fotos junto al ni\u00f1o, y fue all\u00ed donde la mujer le coment\u00f3 en reiteradas oportunidades. El primero de ellos fue &#8220;vas a arder en el infierno&#8221; y el siguiente fue a\u00fan m\u00e1s extenso.<\/p>\n\n\n\n<p>&#8220;Asesino. Me sacaste la vida por creer q sos un ser superior&#8230; ten\u00edas que ser hombre e irte despu\u00e9s de tanto maltrato verbal y violencia verbal\u2026 te vas a pudrir en la c\u00e1rcel te lo juro por Joaco que en esto no ten\u00eda nada que ver&#8230; enfermo vos y todo tu sequito&#8221;, expuso.<\/p>\n","protected":false},"excerpt":{"rendered":"<p>Alejandro Ruffo confes\u00f3 que fue \u00e9l quien asesin\u00f3 a su hijo Enzo, de 8 a\u00f1os, en Lomas de Zamora para &#8220;mandarle un mensaje a la mam\u00e1&#8221;, quien d\u00edas anteriores al&hellip; <\/p>\n","protected":false},"author":1,"featured_media":225867,"comment_status":"closed","ping_status":"open","sticky":false,"template":"","format":"standard","meta":{"footnotes":""},"categories":[5],"tags":[],"class_list":["post-225855","post","type-post","status-publish","format-standard","has-post-thumbnail","hentry","category-crimen-y-justicia"],"_links":{"self":[{"href":"https:\/\/corrientesdetarde.com\/index.php\/wp-json\/wp\/v2\/posts\/225855","targetHints":{"allow":["GET"]}}],"collection":[{"href":"https:\/\/corrientesdetarde.com\/index.php\/wp-json\/wp\/v2\/posts"}],"about":[{"href":"https:\/\/corrientesdetarde.com\/index.php\/wp-json\/wp\/v2\/types\/post"}],"author":[{"embeddable":true,"href":"https:\/\/corrientesdetarde.com\/index.php\/wp-json\/wp\/v2\/users\/1"}],"replies":[{"embeddable":true,"href":"https:\/\/corrientesdetarde.com\/index.php\/wp-json\/wp\/v2\/comments?post=225855"}],"version-history":[{"count":1,"href":"https:\/\/corrientesdetarde.com\/index.php\/wp-json\/wp\/v2\/posts\/225855\/revisions"}],"predecessor-version":[{"id":225868,"href":"https:\/\/corrientesdetarde.com\/index.php\/wp-json\/wp\/v2\/posts\/225855\/revisions\/225868"}],"wp:featuredmedia":[{"embeddable":true,"href":"https:\/\/corrientesdetarde.com\/index.php\/wp-json\/wp\/v2\/media\/225867"}],"wp:attachment":[{"href":"https:\/\/corrientesdetarde.com\/index.php\/wp-json\/wp\/v2\/media?parent=225855"}],"wp:term":[{"taxonomy":"category","embeddable":true,"href":"https:\/\/corrientesdetarde.com\/index.php\/wp-json\/wp\/v2\/categories?post=225855"},{"taxonomy":"post_tag","embeddable":true,"href":"https:\/\/corrientesdetarde.com\/index.php\/wp-json\/wp\/v2\/tags?post=225855"}],"curies":[{"name":"wp","href":"https:\/\/api.w.org\/{rel}","templated":true}]}}