{"id":225857,"date":"2025-09-06T14:45:52","date_gmt":"2025-09-06T17:45:52","guid":{"rendered":"https:\/\/corrientesdetarde.com\/?p=225857"},"modified":"2025-09-06T14:46:04","modified_gmt":"2025-09-06T17:46:04","slug":"evangelina-anderson-estaria-saliendo-con-un-hombre-de-34-anos","status":"publish","type":"post","link":"https:\/\/corrientesdetarde.com\/index.php\/espectaculos\/evangelina-anderson-estaria-saliendo-con-un-hombre-de-34-anos\/","title":{"rendered":"Evangelina Anderson estar\u00eda saliendo con un hombre de 34 a\u00f1os"},"content":{"rendered":"\n<p>Tras separarse de Mart\u00edn Demichelis, Evangelina Anderson estar\u00eda saliendo con un hombre de 34 a\u00f1os. La noticia fue dada a conocer por el periodista Pepe Ochoa, quien tuvo di\u00e1logo directo con la artista.<\/p>\n\n\n\n<p>&#8220;Est\u00e1 chongueando con este chico Franco. Me lo minimiz\u00f3. Me dijo \u2018la paso bien, me vas a ver con un mont\u00f3n de gente saliendo porque estoy recuperando el tiempo que perd\u00ed\u2019&#8221;, dijo el panelista al aire de LAM (Am\u00e9rica).<\/p>\n\n\n\n<p>Julieta Argenta, panelista del ciclo, aport\u00f3 m\u00e1s datos sobre el tema: &#8220;Majo Martino es amiga de ella y nos hab\u00eda contado en Bondi que estaba a full disfrutando&#8221;.<\/p>\n\n\n\n<p>&#8220;Est\u00e1 con mucho laburo, pero con los tipos est\u00e1 en un nivel&#8230;&#8221;, ampli\u00f3 la periodista.<\/p>\n\n\n\n<p>Evangelina Anderson no logr\u00f3 esquivar a la prensa y tres semanas atr\u00e1s tuvo que confirmar lo que todos se imaginaban: su separaci\u00f3n de Mart\u00edn Demichelis. Lo hizo en di\u00e1logo con Puro Show (eltrece), donde admiti\u00f3 que esto no fue reciente.<\/p>\n\n\n\n<p>&#8220;18 a\u00f1os es mucho tiempo, tampoco voy a decir que estoy saltando en una pata. Por supuesto que no. Estamos tratando de salir adelante, es un momento complicado&#8221;, pronunci\u00f3 con angustia.<\/p>\n\n\n\n<p>Semanas antes, la expareja hab\u00eda compartido unas vacaciones en Europa. Primero se instalaron en su casa de Marbella, pero luego recorrieron otros puntos tur\u00edsticos y el exjugador fue part\u00edcipe en forma armoniosa. As\u00ed qued\u00f3 demostrado en un video que grab\u00f3 la exbailarina de Pasi\u00f3n de S\u00e1bado, donde se lo ve a Micho de fondo hablando con su exsuegro mientras bajan por una escalera mec\u00e1nica.<\/p>\n","protected":false},"excerpt":{"rendered":"<p>Tras separarse de Mart\u00edn Demichelis, Evangelina Anderson estar\u00eda saliendo con un hombre de 34 a\u00f1os. La noticia fue dada a conocer por el periodista Pepe Ochoa, quien tuvo di\u00e1logo directo&hellip; <\/p>\n","protected":false},"author":1,"featured_media":225858,"comment_status":"closed","ping_status":"open","sticky":false,"template":"","format":"standard","meta":{"footnotes":""},"categories":[19],"tags":[],"class_list":["post-225857","post","type-post","status-publish","format-standard","has-post-thumbnail","hentry","category-espectaculos"],"_links":{"self":[{"href":"https:\/\/corrientesdetarde.com\/index.php\/wp-json\/wp\/v2\/posts\/225857","targetHints":{"allow":["GET"]}}],"collection":[{"href":"https:\/\/corrientesdetarde.com\/index.php\/wp-json\/wp\/v2\/posts"}],"about":[{"href":"https:\/\/corrientesdetarde.com\/index.php\/wp-json\/wp\/v2\/types\/post"}],"author":[{"embeddable":true,"href":"https:\/\/corrientesdetarde.com\/index.php\/wp-json\/wp\/v2\/users\/1"}],"replies":[{"embeddable":true,"href":"https:\/\/corrientesdetarde.com\/index.php\/wp-json\/wp\/v2\/comments?post=225857"}],"version-history":[{"count":1,"href":"https:\/\/corrientesdetarde.com\/index.php\/wp-json\/wp\/v2\/posts\/225857\/revisions"}],"predecessor-version":[{"id":225862,"href":"https:\/\/corrientesdetarde.com\/index.php\/wp-json\/wp\/v2\/posts\/225857\/revisions\/225862"}],"wp:featuredmedia":[{"embeddable":true,"href":"https:\/\/corrientesdetarde.com\/index.php\/wp-json\/wp\/v2\/media\/225858"}],"wp:attachment":[{"href":"https:\/\/corrientesdetarde.com\/index.php\/wp-json\/wp\/v2\/media?parent=225857"}],"wp:term":[{"taxonomy":"category","embeddable":true,"href":"https:\/\/corrientesdetarde.com\/index.php\/wp-json\/wp\/v2\/categories?post=225857"},{"taxonomy":"post_tag","embeddable":true,"href":"https:\/\/corrientesdetarde.com\/index.php\/wp-json\/wp\/v2\/tags?post=225857"}],"curies":[{"name":"wp","href":"https:\/\/api.w.org\/{rel}","templated":true}]}}