{"id":225916,"date":"2025-09-07T21:25:27","date_gmt":"2025-09-08T00:25:27","guid":{"rendered":"https:\/\/corrientesdetarde.com\/?p=225916"},"modified":"2025-09-07T21:25:57","modified_gmt":"2025-09-08T00:25:57","slug":"operativo-antidrogas-en-corrientes-detienen-a-dos-jovenes-con-cocaina-y-elementos-para-la-venta","status":"publish","type":"post","link":"https:\/\/corrientesdetarde.com\/index.php\/policiales\/operativo-antidrogas-en-corrientes-detienen-a-dos-jovenes-con-cocaina-y-elementos-para-la-venta\/","title":{"rendered":"Operativo antidrogas en Corrientes: detienen a dos j\u00f3venes con coca\u00edna y elementos para la venta"},"content":{"rendered":"\n<p>En el marco de una investigaci\u00f3n por narcotr\u00e1fico, la&nbsp;<strong>Polic\u00eda de Corrientes<\/strong>&nbsp;realiz\u00f3 un allanamiento en una vivienda del&nbsp;<strong>barrio San Antonio<\/strong>&nbsp;de la capital provincial y detuvo a dos j\u00f3venes, un hombre de 22 a\u00f1os y una mujer de 23.<\/p>\n\n\n\n<p>El operativo se llev\u00f3 a cabo en la&nbsp;<strong>calle Las Cuevas al 2800<\/strong>, luego de una orden emitida por el Juzgado Federal N.\u00b0 1. Al ingresar a la propiedad, los efectivos policiales encontraron y secuestraron varios elementos que indican actividades de venta de estupefacientes.<\/p>\n\n\n\n<h2 class=\"wp-block-heading\">Los elementos secuestrados<\/h2>\n\n\n\n<p>Entre los objetos secuestrados en el allanamiento se encuentran:<\/p>\n\n\n\n<ul class=\"wp-block-list\">\n<li>41 envoltorios de polietileno con un peso total de 26,41 gramos, que dieron positivo para coca\u00edna.<\/li>\n\n\n\n<li>Recortes de polietileno y una tijera.<\/li>\n\n\n\n<li>Una balanza de precisi\u00f3n.<\/li>\n\n\n\n<li>Un posnet de Mercado Pago.<\/li>\n\n\n\n<li>Un cuaderno con anotaciones.<\/li>\n\n\n\n<li>$265.690 en efectivo.<\/li>\n\n\n\n<li>Ocho tel\u00e9fonos celulares y una netbook.<\/li>\n<\/ul>\n\n\n\n<p>Los dos detenidos, identificados como&nbsp;<strong>Alejandro M.C.<\/strong>, de 22 a\u00f1os, y&nbsp;<strong>F\u00e1tima D.M.M.<\/strong>, de 23, quedaron a disposici\u00f3n de la Justicia.<\/p>\n","protected":false},"excerpt":{"rendered":"<p>En el marco de una investigaci\u00f3n por narcotr\u00e1fico, la&nbsp;Polic\u00eda de Corrientes&nbsp;realiz\u00f3 un allanamiento en una vivienda del&nbsp;barrio San Antonio&nbsp;de la capital provincial y detuvo a dos j\u00f3venes, un hombre de&hellip; <\/p>\n","protected":false},"author":1,"featured_media":225924,"comment_status":"closed","ping_status":"open","sticky":false,"template":"","format":"standard","meta":{"footnotes":""},"categories":[33],"tags":[],"class_list":["post-225916","post","type-post","status-publish","format-standard","has-post-thumbnail","hentry","category-policiales"],"_links":{"self":[{"href":"https:\/\/corrientesdetarde.com\/index.php\/wp-json\/wp\/v2\/posts\/225916","targetHints":{"allow":["GET"]}}],"collection":[{"href":"https:\/\/corrientesdetarde.com\/index.php\/wp-json\/wp\/v2\/posts"}],"about":[{"href":"https:\/\/corrientesdetarde.com\/index.php\/wp-json\/wp\/v2\/types\/post"}],"author":[{"embeddable":true,"href":"https:\/\/corrientesdetarde.com\/index.php\/wp-json\/wp\/v2\/users\/1"}],"replies":[{"embeddable":true,"href":"https:\/\/corrientesdetarde.com\/index.php\/wp-json\/wp\/v2\/comments?post=225916"}],"version-history":[{"count":1,"href":"https:\/\/corrientesdetarde.com\/index.php\/wp-json\/wp\/v2\/posts\/225916\/revisions"}],"predecessor-version":[{"id":225926,"href":"https:\/\/corrientesdetarde.com\/index.php\/wp-json\/wp\/v2\/posts\/225916\/revisions\/225926"}],"wp:featuredmedia":[{"embeddable":true,"href":"https:\/\/corrientesdetarde.com\/index.php\/wp-json\/wp\/v2\/media\/225924"}],"wp:attachment":[{"href":"https:\/\/corrientesdetarde.com\/index.php\/wp-json\/wp\/v2\/media?parent=225916"}],"wp:term":[{"taxonomy":"category","embeddable":true,"href":"https:\/\/corrientesdetarde.com\/index.php\/wp-json\/wp\/v2\/categories?post=225916"},{"taxonomy":"post_tag","embeddable":true,"href":"https:\/\/corrientesdetarde.com\/index.php\/wp-json\/wp\/v2\/tags?post=225916"}],"curies":[{"name":"wp","href":"https:\/\/api.w.org\/{rel}","templated":true}]}}