{"id":225917,"date":"2025-09-07T21:24:32","date_gmt":"2025-09-08T00:24:32","guid":{"rendered":"https:\/\/corrientesdetarde.com\/?p=225917"},"modified":"2025-09-07T21:24:42","modified_gmt":"2025-09-08T00:24:42","slug":"fue-aburrida-y-no-tuvimos-ritmo-dijo-colapinto-luego-de-terminar-la-carrera-en-monza","status":"publish","type":"post","link":"https:\/\/corrientesdetarde.com\/index.php\/informacion-general\/fue-aburrida-y-no-tuvimos-ritmo-dijo-colapinto-luego-de-terminar-la-carrera-en-monza\/","title":{"rendered":"&#8220;Fue aburrida y no tuvimos ritmo&#8221;, dijo Colapinto luego de terminar la carrera en Monza"},"content":{"rendered":"\n<p><strong>Franco Colapinto\u00a0<\/strong>termin\u00f3 un poco molesto despu\u00e9s de quedar en el\u00a0<strong>puesto n\u00famero 17\u00a0<\/strong>del\u00a0<strong>Gran Premio de Monza<\/strong>, en una carrera que no tuvo grandes emociones y que mostr\u00f3 a\u00a0<strong>Alpine\u00a0<\/strong>muy lejos de sus rivales.<\/p>\n\n\n\n<p><\/p>\n\n\n\n<p>\u201cFue muy larga,&nbsp;<strong>no ten\u00edamos ritmo<\/strong>, estaba muy solo en la carrera que fue bastante&nbsp;<strong>aburrida&nbsp;<\/strong>y&nbsp;<strong>no pudimos hacer nada<\/strong>. Tengo un poco de&nbsp;<strong>bronca<\/strong>, hay que mejorar para la pr\u00f3xima\u201d, fueron las palabras del&nbsp;<strong>piloto argentino&nbsp;<\/strong>apenas terminada su participaci\u00f3n.<\/p>\n\n\n\n<p><strong>Colapinto&nbsp;<\/strong>sigue&nbsp;<strong>sin sumar puntos&nbsp;<\/strong>esta&nbsp;<strong>temporada&nbsp;<\/strong>en la m\u00e1xima categor\u00eda del&nbsp;<strong>automovilismo<\/strong>, aunque poco a poco se va viendo que est\u00e1 m\u00e1s afianzado y con mejores resultados. Sin embargo, el&nbsp;<strong>auto&nbsp;<\/strong>no es lo&nbsp;<strong>suficientemente consistente&nbsp;<\/strong>y demuestra que es el&nbsp;<strong>peor de la grilla<\/strong>.<\/p>\n\n\n\n<h2 class=\"wp-block-heading\">El problema f\u00edsico que sufri\u00f3 Franco Colapinto durante el Gran Premio de Monza<\/h2>\n\n\n\n<p><strong>Franco Colapinto&nbsp;<\/strong>sufri\u00f3 un problema f\u00edsico que lo perjudic\u00f3 en el&nbsp;<strong>Gran Premio de Monza<\/strong>, que pese a sus buenos tiempos, lo mantuvo en los \u00faltimos lugares de la carrera. El&nbsp;<strong>piloto argentino&nbsp;<\/strong>sinti\u00f3&nbsp;<strong>calambres&nbsp;<\/strong>durante la competencia y tuvo que entrar a&nbsp;<strong>boxes<\/strong>.<\/p>\n\n\n\n<p>\u201cNo puedo, me est\u00e1 dando un&nbsp;<strong>calambre<\/strong>\u201d, fue la frase del&nbsp;<strong>piloto de Alpine&nbsp;<\/strong>durante la&nbsp;<strong>carrera<\/strong>, lo que muestra el gran&nbsp;<strong>desaf\u00edo f\u00edsico&nbsp;<\/strong>al que est\u00e1n expuestos los corredores.<\/p>\n\n\n\n<p>El argentino termin\u00f3 en el&nbsp;<strong>puesto n\u00famero 17&nbsp;<\/strong>en un circuito en el que se sab\u00eda que iba ser dif\u00edcil conseguir puntos. De hecho, la carerra no tuvo emociones y se desarrollo casi sin problemas.<\/p>\n\n\n\n<p>El gran ganador fue&nbsp;<strong>Max Verstappen<\/strong>, que hab\u00eda salido desde la&nbsp;<strong>pole<\/strong>, y pudo cculminar un&nbsp;<strong>fin de semana&nbsp;<\/strong>espectacular, en un&nbsp;<strong>circuito&nbsp;<\/strong>que le sienta muy bien.&nbsp;<strong>Lando Norris<\/strong>, termin\u00f3 segundo, mientras que&nbsp;<strong>Oscar Piastri&nbsp;<\/strong>acab\u00f3 en el tercer lugar.<\/p>\n","protected":false},"excerpt":{"rendered":"<p>Franco Colapinto\u00a0termin\u00f3 un poco molesto despu\u00e9s de quedar en el\u00a0puesto n\u00famero 17\u00a0del\u00a0Gran Premio de Monza, en una carrera que no tuvo grandes emociones y que mostr\u00f3 a\u00a0Alpine\u00a0muy lejos de sus&hellip; <\/p>\n","protected":false},"author":1,"featured_media":225920,"comment_status":"closed","ping_status":"open","sticky":false,"template":"","format":"standard","meta":{"footnotes":""},"categories":[1],"tags":[],"class_list":["post-225917","post","type-post","status-publish","format-standard","has-post-thumbnail","hentry","category-informacion-general"],"_links":{"self":[{"href":"https:\/\/corrientesdetarde.com\/index.php\/wp-json\/wp\/v2\/posts\/225917","targetHints":{"allow":["GET"]}}],"collection":[{"href":"https:\/\/corrientesdetarde.com\/index.php\/wp-json\/wp\/v2\/posts"}],"about":[{"href":"https:\/\/corrientesdetarde.com\/index.php\/wp-json\/wp\/v2\/types\/post"}],"author":[{"embeddable":true,"href":"https:\/\/corrientesdetarde.com\/index.php\/wp-json\/wp\/v2\/users\/1"}],"replies":[{"embeddable":true,"href":"https:\/\/corrientesdetarde.com\/index.php\/wp-json\/wp\/v2\/comments?post=225917"}],"version-history":[{"count":1,"href":"https:\/\/corrientesdetarde.com\/index.php\/wp-json\/wp\/v2\/posts\/225917\/revisions"}],"predecessor-version":[{"id":225923,"href":"https:\/\/corrientesdetarde.com\/index.php\/wp-json\/wp\/v2\/posts\/225917\/revisions\/225923"}],"wp:featuredmedia":[{"embeddable":true,"href":"https:\/\/corrientesdetarde.com\/index.php\/wp-json\/wp\/v2\/media\/225920"}],"wp:attachment":[{"href":"https:\/\/corrientesdetarde.com\/index.php\/wp-json\/wp\/v2\/media?parent=225917"}],"wp:term":[{"taxonomy":"category","embeddable":true,"href":"https:\/\/corrientesdetarde.com\/index.php\/wp-json\/wp\/v2\/categories?post=225917"},{"taxonomy":"post_tag","embeddable":true,"href":"https:\/\/corrientesdetarde.com\/index.php\/wp-json\/wp\/v2\/tags?post=225917"}],"curies":[{"name":"wp","href":"https:\/\/api.w.org\/{rel}","templated":true}]}}