{"id":225921,"date":"2025-09-07T21:27:12","date_gmt":"2025-09-08T00:27:12","guid":{"rendered":"https:\/\/corrientesdetarde.com\/?p=225921"},"modified":"2025-09-07T21:27:21","modified_gmt":"2025-09-08T00:27:21","slug":"hallaron-moto-denunciada-como-robada-en-un-desguace","status":"publish","type":"post","link":"https:\/\/corrientesdetarde.com\/index.php\/policiales\/hallaron-moto-denunciada-como-robada-en-un-desguace\/","title":{"rendered":"Hallaron moto denunciada como robada en un desguace"},"content":{"rendered":"\n<p>Efectivos policiales de la Comisar\u00eda D\u00e9cimo Sexta en colaboraci\u00f3n con la unidad fiscal en turno, en el marco de labores de investigaci\u00f3n en relaci\u00f3n a un hecho<br>delictivo recuper\u00f3 una motocicleta que habr\u00eda sido denunciada como sustra\u00edda.<\/p>\n\n\n\n<p><br>El procedimiento lo realizaron tras tomar conocimiento del accionar delictivo, es por ello, que de forma inmediata iniciaron un intenso trabajo de investigaci\u00f3n. Tras rastrillajes por zonas aleda\u00f1as al lugar que sucedi\u00f3 el robo lograron finalmente recuperar el rodado el cual ya estaba parcialmente desarmado.<\/p>\n\n\n\n<p><br>Al respecto, la motocicleta fue trasladada a la dependencia policial donde continuaron con los tr\u00e1mites que corresponden.<\/p>\n","protected":false},"excerpt":{"rendered":"<p>Efectivos policiales de la Comisar\u00eda D\u00e9cimo Sexta en colaboraci\u00f3n con la unidad fiscal en turno, en el marco de labores de investigaci\u00f3n en relaci\u00f3n a un hechodelictivo recuper\u00f3 una motocicleta&hellip; <\/p>\n","protected":false},"author":1,"featured_media":225929,"comment_status":"closed","ping_status":"open","sticky":false,"template":"","format":"standard","meta":{"footnotes":""},"categories":[33],"tags":[],"class_list":["post-225921","post","type-post","status-publish","format-standard","has-post-thumbnail","hentry","category-policiales"],"_links":{"self":[{"href":"https:\/\/corrientesdetarde.com\/index.php\/wp-json\/wp\/v2\/posts\/225921","targetHints":{"allow":["GET"]}}],"collection":[{"href":"https:\/\/corrientesdetarde.com\/index.php\/wp-json\/wp\/v2\/posts"}],"about":[{"href":"https:\/\/corrientesdetarde.com\/index.php\/wp-json\/wp\/v2\/types\/post"}],"author":[{"embeddable":true,"href":"https:\/\/corrientesdetarde.com\/index.php\/wp-json\/wp\/v2\/users\/1"}],"replies":[{"embeddable":true,"href":"https:\/\/corrientesdetarde.com\/index.php\/wp-json\/wp\/v2\/comments?post=225921"}],"version-history":[{"count":1,"href":"https:\/\/corrientesdetarde.com\/index.php\/wp-json\/wp\/v2\/posts\/225921\/revisions"}],"predecessor-version":[{"id":225932,"href":"https:\/\/corrientesdetarde.com\/index.php\/wp-json\/wp\/v2\/posts\/225921\/revisions\/225932"}],"wp:featuredmedia":[{"embeddable":true,"href":"https:\/\/corrientesdetarde.com\/index.php\/wp-json\/wp\/v2\/media\/225929"}],"wp:attachment":[{"href":"https:\/\/corrientesdetarde.com\/index.php\/wp-json\/wp\/v2\/media?parent=225921"}],"wp:term":[{"taxonomy":"category","embeddable":true,"href":"https:\/\/corrientesdetarde.com\/index.php\/wp-json\/wp\/v2\/categories?post=225921"},{"taxonomy":"post_tag","embeddable":true,"href":"https:\/\/corrientesdetarde.com\/index.php\/wp-json\/wp\/v2\/tags?post=225921"}],"curies":[{"name":"wp","href":"https:\/\/api.w.org\/{rel}","templated":true}]}}