{"id":225938,"date":"2025-09-08T08:42:17","date_gmt":"2025-09-08T11:42:17","guid":{"rendered":"https:\/\/corrientesdetarde.com\/?p=225938"},"modified":"2025-09-08T08:42:29","modified_gmt":"2025-09-08T11:42:29","slug":"ruta-n120-encontraron-a-un-hombre-muerto-y-se-investiga-si-fue-atropellado","status":"publish","type":"post","link":"https:\/\/corrientesdetarde.com\/index.php\/policiales\/ruta-n120-encontraron-a-un-hombre-muerto-y-se-investiga-si-fue-atropellado\/","title":{"rendered":"ruta N\u00b0120: encontraron a un hombre muerto y se investiga si fue atropellado"},"content":{"rendered":"\n<p>Un hombre fue hallado sin vida en la ma\u00f1ana del domingo a la vera de la Ruta Nacional N\u00b0120, en jurisdicci\u00f3n de Gobernador Virasoro, y la Polic\u00eda investiga si fue atropellado.<\/p>\n\n\n\n<p>La Polic\u00eda trabaja para determinar las causas de la muerte de un hombre de 39 a\u00f1os en Gobernador Virasoro.<\/p>\n\n\n\n<p>Efectivos de la Comisar\u00eda Tercera acudieron al lugar tras ser alertados del hecho y constataron que la v\u00edctima era M\u00e1rquez, de 39 a\u00f1os.<\/p>\n\n\n\n<p>Seg\u00fan las primeras diligencias, en la zona se encontraron rastros y huellas de un veh\u00edculo de gran porte, lo que hace presumir que el hombre habr\u00eda sufrido un siniestro vial.<\/p>\n\n\n\n<p>inmediato se iniciaron tareas investigativas para dar con el rodado en cuesti\u00f3n. Asimismo, la Fiscal\u00eda en turno fue notificada y en la dependencia policial se contin\u00faan con las actuaciones correspondientes para esclarecer las circunstancias de la muerte.<\/p>\n","protected":false},"excerpt":{"rendered":"<p>Un hombre fue hallado sin vida en la ma\u00f1ana del domingo a la vera de la Ruta Nacional N\u00b0120, en jurisdicci\u00f3n de Gobernador Virasoro, y la Polic\u00eda investiga si fue&hellip; <\/p>\n","protected":false},"author":1,"featured_media":183100,"comment_status":"closed","ping_status":"open","sticky":false,"template":"","format":"standard","meta":{"footnotes":""},"categories":[33],"tags":[],"class_list":["post-225938","post","type-post","status-publish","format-standard","has-post-thumbnail","hentry","category-policiales"],"_links":{"self":[{"href":"https:\/\/corrientesdetarde.com\/index.php\/wp-json\/wp\/v2\/posts\/225938","targetHints":{"allow":["GET"]}}],"collection":[{"href":"https:\/\/corrientesdetarde.com\/index.php\/wp-json\/wp\/v2\/posts"}],"about":[{"href":"https:\/\/corrientesdetarde.com\/index.php\/wp-json\/wp\/v2\/types\/post"}],"author":[{"embeddable":true,"href":"https:\/\/corrientesdetarde.com\/index.php\/wp-json\/wp\/v2\/users\/1"}],"replies":[{"embeddable":true,"href":"https:\/\/corrientesdetarde.com\/index.php\/wp-json\/wp\/v2\/comments?post=225938"}],"version-history":[{"count":1,"href":"https:\/\/corrientesdetarde.com\/index.php\/wp-json\/wp\/v2\/posts\/225938\/revisions"}],"predecessor-version":[{"id":225942,"href":"https:\/\/corrientesdetarde.com\/index.php\/wp-json\/wp\/v2\/posts\/225938\/revisions\/225942"}],"wp:featuredmedia":[{"embeddable":true,"href":"https:\/\/corrientesdetarde.com\/index.php\/wp-json\/wp\/v2\/media\/183100"}],"wp:attachment":[{"href":"https:\/\/corrientesdetarde.com\/index.php\/wp-json\/wp\/v2\/media?parent=225938"}],"wp:term":[{"taxonomy":"category","embeddable":true,"href":"https:\/\/corrientesdetarde.com\/index.php\/wp-json\/wp\/v2\/categories?post=225938"},{"taxonomy":"post_tag","embeddable":true,"href":"https:\/\/corrientesdetarde.com\/index.php\/wp-json\/wp\/v2\/tags?post=225938"}],"curies":[{"name":"wp","href":"https:\/\/api.w.org\/{rel}","templated":true}]}}