{"id":225939,"date":"2025-09-08T08:17:45","date_gmt":"2025-09-08T11:17:45","guid":{"rendered":"https:\/\/corrientesdetarde.com\/?p=225939"},"modified":"2025-09-08T08:17:48","modified_gmt":"2025-09-08T11:17:48","slug":"en-chaco-identifican-la-presencia-de-una-especie-exotica-para-la-region","status":"publish","type":"post","link":"https:\/\/corrientesdetarde.com\/index.php\/locales\/en-chaco-identifican-la-presencia-de-una-especie-exotica-para-la-region\/","title":{"rendered":"En Chaco identifican la presencia de una especie ex\u00f3tica para la regi\u00f3n"},"content":{"rendered":"\n<p>En el Parque Natural Provincial Loro Hablador, ubicado en el sur de la provincia de Chaco, se registr\u00f3 por primera vez la presencia -en estado silvestre- del ciervo axis, una especie ex\u00f3tica originaria de Asia. El hallazgo fue posible gracias al monitoreo con c\u00e1maras trampas realizado por la investigadora.<\/p>\n\n\n\n<p><\/p>\n\n\n\n<p>&#8220;Al analizar las fotos obtenidas durante el seguimiento de diferentes estaciones, me encontr\u00e9 con el registro del ciervo axis. Inmediatamente lo compart\u00ed con mi directora. Confirmamos que efectivamente se trataba de esta especie, ex\u00f3tica para nuestra regi\u00f3n&#8221;, relat\u00f3 la joven.<\/p>\n\n\n\n<p>Pernaza explic\u00f3 que el ciervo axis fue introducido en algunos cotos de caza de la provincia, pero hasta ahora no exist\u00edan registros de su presencia libre en el ecosistema chaque\u00f1o. Esta situaci\u00f3n genera preocupaci\u00f3n debido al potencial invasor de la especie, que compite con la fauna nativa por alimento y territorio; adem\u00e1s de transmitir par\u00e1sitos y alterar el equilibrio natural. En provincias como Corrientes, Entre R\u00edo, R\u00edo Negro ya fue declarada plaga.<\/p>\n\n\n\n<p>&#8220;Es nocivo primero porque tiene un potencial invasor. Como no tiene competencias o depredadores, como lo tuviera su h\u00e1bitat natural en Asia, lo que hace es competir con los ciervos nativos por alimento, por el espacio; y adem\u00e1s puede transmitir enfermedades. Tambi\u00e9n altera el equilibrio del ecosistema; al ser un herb\u00edvoro, y puntualmente es una amenaza para las especies de ciervos locales como la corzola parda, porque las desplaza&#8221;, apunt\u00f3.<\/p>\n\n\n\n<p>El sitio del hallazgo, la reserva Loro Hablador est\u00e1 situada a 30 km de Fuerte Esperanza y limita al sur con el Parque Nacional Copo en Santiago del Estero. Como parte de la ecorregi\u00f3n del Chaco Seco, se caracteriza por su alta biodiversidad en fauna y flora, incluyendo especies amenazadas como el tat\u00fa carreta, el pecar\u00ed quimilero y el puma.<\/p>\n","protected":false},"excerpt":{"rendered":"<p>En el Parque Natural Provincial Loro Hablador, ubicado en el sur de la provincia de Chaco, se registr\u00f3 por primera vez la presencia -en estado silvestre- del ciervo axis, una&hellip; <\/p>\n","protected":false},"author":1,"featured_media":225940,"comment_status":"closed","ping_status":"open","sticky":false,"template":"","format":"standard","meta":{"footnotes":""},"categories":[8],"tags":[],"class_list":["post-225939","post","type-post","status-publish","format-standard","has-post-thumbnail","hentry","category-locales"],"_links":{"self":[{"href":"https:\/\/corrientesdetarde.com\/index.php\/wp-json\/wp\/v2\/posts\/225939","targetHints":{"allow":["GET"]}}],"collection":[{"href":"https:\/\/corrientesdetarde.com\/index.php\/wp-json\/wp\/v2\/posts"}],"about":[{"href":"https:\/\/corrientesdetarde.com\/index.php\/wp-json\/wp\/v2\/types\/post"}],"author":[{"embeddable":true,"href":"https:\/\/corrientesdetarde.com\/index.php\/wp-json\/wp\/v2\/users\/1"}],"replies":[{"embeddable":true,"href":"https:\/\/corrientesdetarde.com\/index.php\/wp-json\/wp\/v2\/comments?post=225939"}],"version-history":[{"count":1,"href":"https:\/\/corrientesdetarde.com\/index.php\/wp-json\/wp\/v2\/posts\/225939\/revisions"}],"predecessor-version":[{"id":225941,"href":"https:\/\/corrientesdetarde.com\/index.php\/wp-json\/wp\/v2\/posts\/225939\/revisions\/225941"}],"wp:featuredmedia":[{"embeddable":true,"href":"https:\/\/corrientesdetarde.com\/index.php\/wp-json\/wp\/v2\/media\/225940"}],"wp:attachment":[{"href":"https:\/\/corrientesdetarde.com\/index.php\/wp-json\/wp\/v2\/media?parent=225939"}],"wp:term":[{"taxonomy":"category","embeddable":true,"href":"https:\/\/corrientesdetarde.com\/index.php\/wp-json\/wp\/v2\/categories?post=225939"},{"taxonomy":"post_tag","embeddable":true,"href":"https:\/\/corrientesdetarde.com\/index.php\/wp-json\/wp\/v2\/tags?post=225939"}],"curies":[{"name":"wp","href":"https:\/\/api.w.org\/{rel}","templated":true}]}}