{"id":225968,"date":"2025-09-08T14:12:17","date_gmt":"2025-09-08T17:12:17","guid":{"rendered":"https:\/\/corrientesdetarde.com\/?p=225968"},"modified":"2025-09-08T14:12:48","modified_gmt":"2025-09-08T17:12:48","slug":"corrientes-un-muerto-y-dos-ninos-vivos-de-milagro-tras-el-vuelco-de-una-camioneta","status":"publish","type":"post","link":"https:\/\/corrientesdetarde.com\/index.php\/policiales\/corrientes-un-muerto-y-dos-ninos-vivos-de-milagro-tras-el-vuelco-de-una-camioneta\/","title":{"rendered":"Corrientes: un muerto y dos ni\u00f1os vivos de milagro, tras el vuelco de una camioneta"},"content":{"rendered":"\n<p>El siniestro vial se produjo en la noche de ayer, \u00a0seg\u00fan inform\u00f3 el Departamento de Relaciones Institucionales de la Polic\u00eda provincial y dej\u00f3 como saldo una v\u00edctima fatal, mientras que los menores que iban bordo sufrieron lesiones de menor consideraci\u00f3n.\u00a0<\/p>\n\n\n\n<p><\/p>\n\n\n\n<p>Seg\u00fan &nbsp;los datos brindados, efectivos policiales de la Comisar\u00eda de Distrito Colonia Pando, tomaron conocimiento que en un camino vecinal distante a unos tres kil\u00f3metros aproximadamente del casco c\u00e9ntrico de dicha localidad, por causas y circunstancias que se tratan de establecer, se registr\u00f3 un siniestro vial, en el cual el conductor de una camioneta perdi\u00f3 el control del veh\u00edculo y se produjo un despiste y posterior vuelco.<\/p>\n\n\n\n<p>Conforme a las primeras averiguaciones, el siniestro habr\u00eda ocurrido pasadas las 19 horas y tuvo como protagonista a una camioneta -marca Toyota modelo Hilux- conducida por un hombre de apellido Ruiz D\u00edaz -mayor de edad-, quien era acompa\u00f1ado por dos menores de edad.<\/p>\n\n\n\n<p>A consecuencia de este siniestro, las personas fueron auxiliados y trasladados al hospital local, donde momentos m\u00e1s tarde se produjo el lamentable deceso del conductor, mientras que los menores presentar\u00edan de lesiones de menor consideraci\u00f3n.<\/p>\n\n\n\n<p>En el lugar se realizaron las diligencias del caso, con intervenci\u00f3n de la unidad fiscal en turno, en tanto, en la citada dependencia policial se prosigue con los tramites que corresponden.<\/p>\n","protected":false},"excerpt":{"rendered":"<p>El siniestro vial se produjo en la noche de ayer, \u00a0seg\u00fan inform\u00f3 el Departamento de Relaciones Institucionales de la Polic\u00eda provincial y dej\u00f3 como saldo una v\u00edctima fatal, mientras que&hellip; <\/p>\n","protected":false},"author":1,"featured_media":225971,"comment_status":"closed","ping_status":"open","sticky":false,"template":"","format":"standard","meta":{"footnotes":""},"categories":[33],"tags":[],"class_list":["post-225968","post","type-post","status-publish","format-standard","has-post-thumbnail","hentry","category-policiales"],"_links":{"self":[{"href":"https:\/\/corrientesdetarde.com\/index.php\/wp-json\/wp\/v2\/posts\/225968","targetHints":{"allow":["GET"]}}],"collection":[{"href":"https:\/\/corrientesdetarde.com\/index.php\/wp-json\/wp\/v2\/posts"}],"about":[{"href":"https:\/\/corrientesdetarde.com\/index.php\/wp-json\/wp\/v2\/types\/post"}],"author":[{"embeddable":true,"href":"https:\/\/corrientesdetarde.com\/index.php\/wp-json\/wp\/v2\/users\/1"}],"replies":[{"embeddable":true,"href":"https:\/\/corrientesdetarde.com\/index.php\/wp-json\/wp\/v2\/comments?post=225968"}],"version-history":[{"count":1,"href":"https:\/\/corrientesdetarde.com\/index.php\/wp-json\/wp\/v2\/posts\/225968\/revisions"}],"predecessor-version":[{"id":225973,"href":"https:\/\/corrientesdetarde.com\/index.php\/wp-json\/wp\/v2\/posts\/225968\/revisions\/225973"}],"wp:featuredmedia":[{"embeddable":true,"href":"https:\/\/corrientesdetarde.com\/index.php\/wp-json\/wp\/v2\/media\/225971"}],"wp:attachment":[{"href":"https:\/\/corrientesdetarde.com\/index.php\/wp-json\/wp\/v2\/media?parent=225968"}],"wp:term":[{"taxonomy":"category","embeddable":true,"href":"https:\/\/corrientesdetarde.com\/index.php\/wp-json\/wp\/v2\/categories?post=225968"},{"taxonomy":"post_tag","embeddable":true,"href":"https:\/\/corrientesdetarde.com\/index.php\/wp-json\/wp\/v2\/tags?post=225968"}],"curies":[{"name":"wp","href":"https:\/\/api.w.org\/{rel}","templated":true}]}}