{"id":225976,"date":"2025-09-08T14:15:18","date_gmt":"2025-09-08T17:15:18","guid":{"rendered":"https:\/\/corrientesdetarde.com\/?p=225976"},"modified":"2025-09-08T14:15:32","modified_gmt":"2025-09-08T17:15:32","slug":"las-marias-denuncia-a-misiones-por-retenciones-es-un-perjuicio-catastrofico","status":"publish","type":"post","link":"https:\/\/corrientesdetarde.com\/index.php\/informacion-general\/las-marias-denuncia-a-misiones-por-retenciones-es-un-perjuicio-catastrofico\/","title":{"rendered":"Las Mar\u00edas denuncia a Misiones por retenciones: &#8220;Es un perjuicio catastr\u00f3fico\u2019&#8221;"},"content":{"rendered":"\n<p>La yerbatera correntina Las Mar\u00edas\u00a0mantiene un fuerte conflicto con la Agencia Tributaria de Misiones (ATM) por lo que considera un mecanismo abusivo de retenciones y \u201cpagos a cuenta\u201d del impuesto a los Ingresos Brutos. Debieron ir a la Justicia para resolver la situaci\u00f3n y cuentan con el apoyo del Gobierno de Corrientes.<\/p>\n\n\n\n<p><\/p>\n\n\n\n<p><strong>En di\u00e1logo con Hoja de Ruta, Osvaldo S\u00e1nchez, gerente de la firma, explic\u00f3:&nbsp;\u201cMisiones instaur\u00f3 un r\u00e9gimen de recaudaci\u00f3n que activa percepciones y retenciones anticipadas. Eso genera un desbalance enorme: nos retienen hasta 600 millones de pesos por mes, cuando en realidad el impuesto anual que le corresponde pagar a la empresa en esa provincia es de apenas 22 millones\u201d.<\/strong><\/p>\n\n\n\n<p>Seg\u00fan la compa\u00f1\u00eda, la diferencia es tan descomunal que equivaldr\u00eda a m\u00e1s de 300 a\u00f1os de impuestos adelantados. \u201cEsto es un abuso. Hay un fisco que le est\u00e1 metiendo la mano en el bolsillo a una empresa sin ning\u00fan tipo de raz\u00f3n\u201d, advirti\u00f3 S\u00e1nchez.<\/p>\n\n\n\n<p><strong>El camino judicial<\/strong><\/p>\n\n\n\n<p>Frente a esta situaci\u00f3n, Las Mar\u00edas interpuso una demanda en la Justicia Federal de Paso de los Libres, que otorg\u00f3 una medida cautelar para frenar las retenciones. Sin embargo, la ATM apel\u00f3 y el Superior Tribunal de Justicia de Misiones suspendi\u00f3 esa medida.<\/p>\n\n\n\n<p><strong>Ahora, el caso lleg\u00f3 a la Corte Suprema de Justicia de la Naci\u00f3n, que deber\u00e1 resolver el conflicto. \u201cNos empujaron a judicializar, algo que nadie quiere. Es costoso en tiempo, dinero y energ\u00eda, pero era necesario porque el perjuicio financiero era insostenible\u201d, se\u00f1al\u00f3 el gerente.<\/strong><\/p>\n\n\n\n<p><strong>Impacto en la econom\u00eda yerbatera<\/strong><\/p>\n\n\n\n<p>La situaci\u00f3n no solo afecta a Las Mar\u00edas, sino tambi\u00e9n a otras empresas de la regi\u00f3n. \u201cMuchas compa\u00f1\u00edas est\u00e1n agobiadas por estos sistemas recaudatorios, especialmente en Misiones y Tucum\u00e1n. Lo nuestro es un caso testigo, pero hay decenas de actores que no tienen los recursos para dar esta pelea\u201d, afirm\u00f3 S\u00e1nchez.<\/p>\n\n\n\n<p><strong>El gobierno de Corrientes ya se sum\u00f3 al reclamo, apoyando la postura de la empresa. \u201cSiempre pedimos acompa\u00f1amiento en causas justas. Y esta lo es: no se puede permitir una extracci\u00f3n indebida de fondos que perjudica tanto a las empresas como a las provincias que dependen de su producci\u00f3n\u201d, remarc\u00f3.<\/strong><\/p>\n","protected":false},"excerpt":{"rendered":"<p>La yerbatera correntina Las Mar\u00edas\u00a0mantiene un fuerte conflicto con la Agencia Tributaria de Misiones (ATM) por lo que considera un mecanismo abusivo de retenciones y \u201cpagos a cuenta\u201d del impuesto&hellip; <\/p>\n","protected":false},"author":1,"featured_media":225977,"comment_status":"closed","ping_status":"open","sticky":false,"template":"","format":"standard","meta":{"footnotes":""},"categories":[1],"tags":[],"class_list":["post-225976","post","type-post","status-publish","format-standard","has-post-thumbnail","hentry","category-informacion-general"],"_links":{"self":[{"href":"https:\/\/corrientesdetarde.com\/index.php\/wp-json\/wp\/v2\/posts\/225976","targetHints":{"allow":["GET"]}}],"collection":[{"href":"https:\/\/corrientesdetarde.com\/index.php\/wp-json\/wp\/v2\/posts"}],"about":[{"href":"https:\/\/corrientesdetarde.com\/index.php\/wp-json\/wp\/v2\/types\/post"}],"author":[{"embeddable":true,"href":"https:\/\/corrientesdetarde.com\/index.php\/wp-json\/wp\/v2\/users\/1"}],"replies":[{"embeddable":true,"href":"https:\/\/corrientesdetarde.com\/index.php\/wp-json\/wp\/v2\/comments?post=225976"}],"version-history":[{"count":1,"href":"https:\/\/corrientesdetarde.com\/index.php\/wp-json\/wp\/v2\/posts\/225976\/revisions"}],"predecessor-version":[{"id":225978,"href":"https:\/\/corrientesdetarde.com\/index.php\/wp-json\/wp\/v2\/posts\/225976\/revisions\/225978"}],"wp:featuredmedia":[{"embeddable":true,"href":"https:\/\/corrientesdetarde.com\/index.php\/wp-json\/wp\/v2\/media\/225977"}],"wp:attachment":[{"href":"https:\/\/corrientesdetarde.com\/index.php\/wp-json\/wp\/v2\/media?parent=225976"}],"wp:term":[{"taxonomy":"category","embeddable":true,"href":"https:\/\/corrientesdetarde.com\/index.php\/wp-json\/wp\/v2\/categories?post=225976"},{"taxonomy":"post_tag","embeddable":true,"href":"https:\/\/corrientesdetarde.com\/index.php\/wp-json\/wp\/v2\/tags?post=225976"}],"curies":[{"name":"wp","href":"https:\/\/api.w.org\/{rel}","templated":true}]}}