{"id":225982,"date":"2025-09-08T19:57:18","date_gmt":"2025-09-08T22:57:18","guid":{"rendered":"https:\/\/corrientesdetarde.com\/?p=225982"},"modified":"2025-09-08T19:57:30","modified_gmt":"2025-09-08T22:57:30","slug":"se-agregan-nuevas-funciones-de-plim-plim-y-topa-en-el-teatro-oficial-juan-de-vera","status":"publish","type":"post","link":"https:\/\/corrientesdetarde.com\/index.php\/cultura\/se-agregan-nuevas-funciones-de-plim-plim-y-topa-en-el-teatro-oficial-juan-de-vera\/","title":{"rendered":"Se agregan nuevas funciones de Plim Plim y Topa en el Teatro Oficial Juan de Vera"},"content":{"rendered":"\n<p>Las obras dirigidas a infancias y p\u00fablico familiar propuestas desde la direcci\u00f3n del Teatro Oficial Juan de Vera del domingo 21 con \u201cPlim Plim, Energia musical\u201d y del viernes 26 de septiembre con el show de Topa \u201cEs tiempo de jugar\u201d agotaron entradas por lo que sumar\u00e1n funciones. Las entradas se consiguen en&nbsp;<a href=\"https:\/\/4ue34.r.sp1-brevo.net\/mk\/cl\/f\/sh\/6rqJfgq8dINmNvd2HB7mP7OK8Ju\/CuFLYI0SN7ih\" target=\"_blank\" rel=\"noreferrer noopener\">weepas.ar<\/a>&nbsp;y en boleter\u00eda del teatro.<\/p>\n\n\n\n<p>El cierre del mes de la primavera con las obras infantiles y para p\u00fablico familiar propuestas por el Teatro Oficial Juan de Vera \u201cPlim Plim, energ\u00eda musical\u201d y el show de Topa \u201cEs tiempo de jugar\u201d trae doble funci\u00f3n, dada la alta demanda de entrada de ambas.<\/p>\n\n\n\n<p>Es por ello que \u201cPlim Plim, energ\u00eda musical\u201d tendr\u00e1 nueva funci\u00f3n, prevista para el domingo 21 a las 15.30 hs., en tanto que el show de Diego Topa \u201cEs tiempo de jugar\u201d, suma funci\u00f3n el viernes 26 a las 18.30 hs. Las entradas pueden adquirirse en\u00a0<a href=\"https:\/\/4ue34.r.sp1-brevo.net\/mk\/cl\/f\/sh\/6rqJfgq8dIPRQNvBlUXKKiWFlcw\/DxAhFeHuEq3m\" target=\"_blank\" rel=\"noreferrer noopener\">weepas.ar<\/a>\u00a0y en boleter\u00eda del teatro, San Juan 637, de lunes a s\u00e1bados, de 9 a 13 y de 17 a 21 hs.<\/p>\n\n\n\n<figure class=\"wp-block-image size-large\"><img loading=\"lazy\" decoding=\"async\" width=\"1024\" height=\"576\" src=\"https:\/\/corrientesdetarde.com\/wp-content\/uploads\/2025\/09\/image-230-1024x576.png\" alt=\"\" class=\"wp-image-225988\" srcset=\"https:\/\/corrientesdetarde.com\/wp-content\/uploads\/2025\/09\/image-230-1024x576.png 1024w, https:\/\/corrientesdetarde.com\/wp-content\/uploads\/2025\/09\/image-230-300x169.png 300w, https:\/\/corrientesdetarde.com\/wp-content\/uploads\/2025\/09\/image-230-768x432.png 768w, https:\/\/corrientesdetarde.com\/wp-content\/uploads\/2025\/09\/image-230-1536x864.png 1536w, https:\/\/corrientesdetarde.com\/wp-content\/uploads\/2025\/09\/image-230.png 1616w\" sizes=\"auto, (max-width: 1024px) 100vw, 1024px\" \/><\/figure>\n\n\n\n<p><strong>\u201cPlim Pllim en vivo, energ\u00eda musical\u201d<\/strong><\/p>\n\n\n\n<p>\u201cPlim Plim en vivo, Energ\u00eda Musical&#8221; es un espect\u00e1culo en formato recital, con un incre\u00edble despliegue multimedia. Este show invita a grandes y chicos a cantar, bailar y jugar, mientras promueve valores positivos y h\u00e1bitos saludables.<\/p>\n\n\n\n<p>Junto a sus inseparables amigos Nesho, Hoggie, Bam, Aquarella y Mei Li, Plim Plim nos invita a compartir m\u00e1gicas aventuras llenas de energ\u00eda. Un show 100% interactivo, donde no faltar\u00e1n las canciones que todos celebran como \u201cQue le pasa al cerdito enoj\u00f3n&#8221; y el \u00faltimo gran \u00e9xito, &#8220;Abejita Chiquitita&#8221;, que ya supera los 1000 millones de reproducciones en YouTube.<\/p>\n\n\n\n<p><strong>Topa, \u201cEs tiempo de jugar\u201d<\/strong><\/p>\n\n\n\n<p>Luego de dos a\u00f1os de \u00e9xito rotundo en Calle Corrientes, esta premiada obra se sube al bus de gira para recorrer el pa\u00eds y algunos pa\u00edses de Am\u00e9rica Latina, en los que Topa es bienvenido por sus canciones, sus shows y el gran amor hacia los m\u00e1s chiquitos. Acompa\u00f1ado por dinosaurios, robots, el glamour de los a\u00f1os \u201870 y un gran elenco de actores y bailarines, vivi\u00f3 incre\u00edbles aventuras junto a su p\u00fablico amado. Con gran impacto visual y un equipo creativo de lujo, esta propuesta llega a todo el pa\u00eds para seguir sorprendiendo y animando a chicos y grandes. Para cantar, bailar, re\u00edr y so\u00f1ar en familia.&nbsp;<\/p>\n","protected":false},"excerpt":{"rendered":"<p>Las obras dirigidas a infancias y p\u00fablico familiar propuestas desde la direcci\u00f3n del Teatro Oficial Juan de Vera del domingo 21 con \u201cPlim Plim, Energia musical\u201d y del viernes 26&hellip; <\/p>\n","protected":false},"author":4,"featured_media":225989,"comment_status":"closed","ping_status":"open","sticky":false,"template":"","format":"standard","meta":{"footnotes":""},"categories":[15],"tags":[],"class_list":["post-225982","post","type-post","status-publish","format-standard","has-post-thumbnail","hentry","category-cultura"],"_links":{"self":[{"href":"https:\/\/corrientesdetarde.com\/index.php\/wp-json\/wp\/v2\/posts\/225982","targetHints":{"allow":["GET"]}}],"collection":[{"href":"https:\/\/corrientesdetarde.com\/index.php\/wp-json\/wp\/v2\/posts"}],"about":[{"href":"https:\/\/corrientesdetarde.com\/index.php\/wp-json\/wp\/v2\/types\/post"}],"author":[{"embeddable":true,"href":"https:\/\/corrientesdetarde.com\/index.php\/wp-json\/wp\/v2\/users\/4"}],"replies":[{"embeddable":true,"href":"https:\/\/corrientesdetarde.com\/index.php\/wp-json\/wp\/v2\/comments?post=225982"}],"version-history":[{"count":1,"href":"https:\/\/corrientesdetarde.com\/index.php\/wp-json\/wp\/v2\/posts\/225982\/revisions"}],"predecessor-version":[{"id":225990,"href":"https:\/\/corrientesdetarde.com\/index.php\/wp-json\/wp\/v2\/posts\/225982\/revisions\/225990"}],"wp:featuredmedia":[{"embeddable":true,"href":"https:\/\/corrientesdetarde.com\/index.php\/wp-json\/wp\/v2\/media\/225989"}],"wp:attachment":[{"href":"https:\/\/corrientesdetarde.com\/index.php\/wp-json\/wp\/v2\/media?parent=225982"}],"wp:term":[{"taxonomy":"category","embeddable":true,"href":"https:\/\/corrientesdetarde.com\/index.php\/wp-json\/wp\/v2\/categories?post=225982"},{"taxonomy":"post_tag","embeddable":true,"href":"https:\/\/corrientesdetarde.com\/index.php\/wp-json\/wp\/v2\/tags?post=225982"}],"curies":[{"name":"wp","href":"https:\/\/api.w.org\/{rel}","templated":true}]}}