{"id":225987,"date":"2025-09-08T23:18:52","date_gmt":"2025-09-09T02:18:52","guid":{"rendered":"https:\/\/corrientesdetarde.com\/?p=225987"},"modified":"2025-09-08T23:18:53","modified_gmt":"2025-09-09T02:18:53","slug":"corrientes-un-hombre-murio-tras-el-vuelco-de-su-camioneta","status":"publish","type":"post","link":"https:\/\/corrientesdetarde.com\/index.php\/policiales\/corrientes-un-hombre-murio-tras-el-vuelco-de-su-camioneta\/","title":{"rendered":"Corrientes: un hombre muri\u00f3 tras el vuelco de su camioneta"},"content":{"rendered":"\n<p>El siniestro ocurri\u00f3 en Colonia Pando, a pocos kil\u00f3metros del casco urbano. La v\u00edctima fue identificada como Ruiz D\u00edaz. Viajaba con dos menores, que sufrieron heridas leves.<\/p>\n\n\n\n<p>Una tragedia vial sacudi\u00f3 a la localidad de Colonia Pando, en Corrientes. En la noche del domingo, alrededor de las 19:00, una camioneta Toyota Hilux despist\u00f3 y volc\u00f3 en un camino vecinal, a unos tres kil\u00f3metros del centro del pueblo.<\/p>\n\n\n\n<p>El veh\u00edculo era conducido por un hombre de apellido Ruiz D\u00edaz, mayor de edad, quien iba acompa\u00f1ado por dos menores. Tras el vuelco, todos fueron auxiliados y trasladados al hospital local. Minutos m\u00e1s tarde, se confirm\u00f3 el fallecimiento del conductor debido a la gravedad de las heridas, mientras que los ni\u00f1os presentaron lesiones de menor consideraci\u00f3n.<\/p>\n\n\n\n<p>La Polic\u00eda realiz\u00f3 las primeras pericias en el lugar y la fiscal\u00eda en turno tom\u00f3 intervenci\u00f3n para investigar las causas del accidente.<\/p>\n","protected":false},"excerpt":{"rendered":"<p>El siniestro ocurri\u00f3 en Colonia Pando, a pocos kil\u00f3metros del casco urbano. La v\u00edctima fue identificada como Ruiz D\u00edaz. Viajaba con dos menores, que sufrieron heridas leves. Una tragedia vial&hellip; <\/p>\n","protected":false},"author":4,"featured_media":226016,"comment_status":"closed","ping_status":"open","sticky":false,"template":"","format":"standard","meta":{"footnotes":""},"categories":[33],"tags":[],"class_list":["post-225987","post","type-post","status-publish","format-standard","has-post-thumbnail","hentry","category-policiales"],"_links":{"self":[{"href":"https:\/\/corrientesdetarde.com\/index.php\/wp-json\/wp\/v2\/posts\/225987","targetHints":{"allow":["GET"]}}],"collection":[{"href":"https:\/\/corrientesdetarde.com\/index.php\/wp-json\/wp\/v2\/posts"}],"about":[{"href":"https:\/\/corrientesdetarde.com\/index.php\/wp-json\/wp\/v2\/types\/post"}],"author":[{"embeddable":true,"href":"https:\/\/corrientesdetarde.com\/index.php\/wp-json\/wp\/v2\/users\/4"}],"replies":[{"embeddable":true,"href":"https:\/\/corrientesdetarde.com\/index.php\/wp-json\/wp\/v2\/comments?post=225987"}],"version-history":[{"count":1,"href":"https:\/\/corrientesdetarde.com\/index.php\/wp-json\/wp\/v2\/posts\/225987\/revisions"}],"predecessor-version":[{"id":226017,"href":"https:\/\/corrientesdetarde.com\/index.php\/wp-json\/wp\/v2\/posts\/225987\/revisions\/226017"}],"wp:featuredmedia":[{"embeddable":true,"href":"https:\/\/corrientesdetarde.com\/index.php\/wp-json\/wp\/v2\/media\/226016"}],"wp:attachment":[{"href":"https:\/\/corrientesdetarde.com\/index.php\/wp-json\/wp\/v2\/media?parent=225987"}],"wp:term":[{"taxonomy":"category","embeddable":true,"href":"https:\/\/corrientesdetarde.com\/index.php\/wp-json\/wp\/v2\/categories?post=225987"},{"taxonomy":"post_tag","embeddable":true,"href":"https:\/\/corrientesdetarde.com\/index.php\/wp-json\/wp\/v2\/tags?post=225987"}],"curies":[{"name":"wp","href":"https:\/\/api.w.org\/{rel}","templated":true}]}}