{"id":226006,"date":"2025-09-08T22:44:48","date_gmt":"2025-09-09T01:44:48","guid":{"rendered":"https:\/\/corrientesdetarde.com\/?p=226006"},"modified":"2025-09-08T22:44:54","modified_gmt":"2025-09-09T01:44:54","slug":"la-fiesta-de-las-colectividades-invita-el-domingo-a-un-viaje-por-el-mundo-con-un-llamado-a-la-paz","status":"publish","type":"post","link":"https:\/\/corrientesdetarde.com\/index.php\/destacados\/la-fiesta-de-las-colectividades-invita-el-domingo-a-un-viaje-por-el-mundo-con-un-llamado-a-la-paz\/","title":{"rendered":"La Fiesta de las Colectividades invita el domingo a un viaje por el mundo con un llamado a la paz"},"content":{"rendered":"\n<p><em>La tradicional celebraci\u00f3n multicultural se llevar\u00e1 adelante este 14 de septiembre, a partir de las 17, en el parque Camb\u00e1 Cu\u00e1. Habr\u00e1 desfiles con trajes t\u00edpicos, stands, venta de gastronom\u00eda y shows.&nbsp;El acceso es libre y gratuito, y si llueve se reprograma para el 5 de octubre.<\/em><\/p>\n\n\n\n<figure class=\"wp-block-embed is-type-video is-provider-youtube wp-block-embed-youtube wp-embed-aspect-16-9 wp-has-aspect-ratio\"><div class=\"wp-block-embed__wrapper\">\n<iframe loading=\"lazy\" title=\"Presentacion de fiesta de colectividades\" width=\"1110\" height=\"624\" src=\"https:\/\/www.youtube.com\/embed\/IKGVJOQnWeQ?feature=oembed\" frameborder=\"0\" allow=\"accelerometer; autoplay; clipboard-write; encrypted-media; gyroscope; picture-in-picture; web-share\" referrerpolicy=\"strict-origin-when-cross-origin\" allowfullscreen><\/iframe>\n<\/div><\/figure>\n\n\n\n<p>Con el apoyo de la Municipalidad de Corrientes, la Uni\u00f3n de Colectividades invita a la comunidad a participar de una nueva edici\u00f3n de la Fiesta de las Colectividades, que se realizar\u00e1 el pr\u00f3ximo domingo 14 de septiembre, a partir de las 17, en el parque Camb\u00e1 Cu\u00e1, con entrada libre y gratuita.<br><br>El evento reunir\u00e1 a 16 colectividades que ofrecer\u00e1n una amplia propuesta de gastronom\u00eda t\u00edpica, danzas, trajes tradicionales, m\u00fasica en vivo y stands institucionales. El encuentro se extender\u00e1 hasta las 23 y busca consolidarse como un espacio de integraci\u00f3n cultural y revalorizaci\u00f3n de tradiciones.<br><br>El lanzamiento de la V edici\u00f3n de la Fiesta tuvo lugar este lunes por la ma\u00f1ana en el sal\u00f3n del Inmigrante Italiano de la Sociedad Italiana. Del mismo participaron el presidente del Concejo Deliberante capitalino, Marcos Amarilla; el subsecretario de Promoci\u00f3n y Calidad de la Secretar\u00eda de Turismo y Deportes municipal, Juan Pedro Picasso, funcionarios provinciales, concejales y representantes de cada una de las entidades que conforman la Uni\u00f3n de Colectividades de Corrientes. \u00a0<\/p>\n\n\n\n<figure class=\"wp-block-image size-large\"><img loading=\"lazy\" decoding=\"async\" width=\"1024\" height=\"679\" src=\"https:\/\/corrientesdetarde.com\/wp-content\/uploads\/2025\/09\/image-233-1024x679.png\" alt=\"\" class=\"wp-image-226007\" srcset=\"https:\/\/corrientesdetarde.com\/wp-content\/uploads\/2025\/09\/image-233-1024x679.png 1024w, https:\/\/corrientesdetarde.com\/wp-content\/uploads\/2025\/09\/image-233-300x199.png 300w, https:\/\/corrientesdetarde.com\/wp-content\/uploads\/2025\/09\/image-233-768x509.png 768w, https:\/\/corrientesdetarde.com\/wp-content\/uploads\/2025\/09\/image-233.png 1359w\" sizes=\"auto, (max-width: 1024px) 100vw, 1024px\" \/><\/figure>\n\n\n\n<p><br><br>El subsecretario de Promoci\u00f3n y Calidad municipal, Juan Pedro Picasso, destac\u00f3 que la Fiesta vuelve tras la suspensi\u00f3n del a\u00f1o pasado por cuestiones clim\u00e1ticas.<br><br>\u201cEst\u00e1 todo previsto para celebrarla este domingo 14 y, si debiera reprogramarse, la fecha alternativa ser\u00e1 el 5 de octubre. Quienes concurran se van a encontrar con shows en vivo, alrededor de 30 stands, comidas y bebidas t\u00edpicas, vestimentas y un contacto directo con las colectividades que enriquecen nuestra ciudad\u201d, explic\u00f3.<br><br>Picasso subray\u00f3 adem\u00e1s el sentido profundo del evento: \u201cEl turismo no es solamente viajar, tambi\u00e9n es generador de oportunidades y la posibilidad de trabajar el concepto de la paz en estos tiempos tan complejos que vive el mundo. Desde la Municipalidad hacemos nuestro aporte para fortalecer estos v\u00ednculos con nuestros ancestros y abrirnos a otras culturas\u201d.<br><br>En representaci\u00f3n del C\u00edrculo Ucraniano de Corrientes, Lilian Sawoczka, celebr\u00f3 la oportunidad de concretar finalmente el debut institucional de su colectividad: \u201cEl a\u00f1o pasado no pudimos participar por el mal clima, as\u00ed que esperamos con mucha expectativa esta edici\u00f3n. Invitamos a todos los vecinos a compartir una jornada de integraci\u00f3n que demuestra que la Argentina es un verdadero crisol de razas\u201d.<br><br>Por su parte, Mercedes Kamijo, de la Asociaci\u00f3n Japonesa de Corrientes, adelant\u00f3 que Jap\u00f3n presentar\u00e1 a la banda Pieris Jap\u00f3nica, que interpretar\u00e1 temas en japon\u00e9s, adem\u00e1s de un baile tradicional abierto a la participaci\u00f3n del p\u00fablico.<br><br>\u201cQueremos que sea una experiencia inmersiva. Habr\u00e1 platos salados y dulces en nuestro stand, y confiamos en que el parque Camb\u00e1 Cu\u00e1 se transformar\u00e1 en un viaje alrededor del mundo con escalas en diferentes pa\u00edses\u201d, se\u00f1al\u00f3.<br><br>Kamijo destac\u00f3 adem\u00e1s el esp\u00edritu de la apertura oficial: \u201cLa Fiesta comenzar\u00e1 con un desfile de banderas y trajes t\u00edpicos bajo el lema \u2018Que la paz prevalezca en la tierra\u2019. No solo compartimos cultura, tambi\u00e9n un mensaje de paz y tolerancia\u201d.<br><br>La V Fiesta de las Colectividades promete ser una experiencia multicultural \u00fanica para disfrutar en familia y con amigos. Con acceso libre y gratuito, la propuesta reunir\u00e1 sabores, m\u00fasicas y tradiciones que reflejan la diversidad y la riqueza cultural de Corrientes.<\/p>\n","protected":false},"excerpt":{"rendered":"<p>La tradicional celebraci\u00f3n multicultural se llevar\u00e1 adelante este 14 de septiembre, a partir de las 17, en el parque Camb\u00e1 Cu\u00e1. Habr\u00e1 desfiles con trajes t\u00edpicos, stands, venta de gastronom\u00eda&hellip; <\/p>\n","protected":false},"author":4,"featured_media":226008,"comment_status":"closed","ping_status":"open","sticky":false,"template":"","format":"standard","meta":{"footnotes":""},"categories":[26],"tags":[],"class_list":["post-226006","post","type-post","status-publish","format-standard","has-post-thumbnail","hentry","category-destacados"],"_links":{"self":[{"href":"https:\/\/corrientesdetarde.com\/index.php\/wp-json\/wp\/v2\/posts\/226006","targetHints":{"allow":["GET"]}}],"collection":[{"href":"https:\/\/corrientesdetarde.com\/index.php\/wp-json\/wp\/v2\/posts"}],"about":[{"href":"https:\/\/corrientesdetarde.com\/index.php\/wp-json\/wp\/v2\/types\/post"}],"author":[{"embeddable":true,"href":"https:\/\/corrientesdetarde.com\/index.php\/wp-json\/wp\/v2\/users\/4"}],"replies":[{"embeddable":true,"href":"https:\/\/corrientesdetarde.com\/index.php\/wp-json\/wp\/v2\/comments?post=226006"}],"version-history":[{"count":1,"href":"https:\/\/corrientesdetarde.com\/index.php\/wp-json\/wp\/v2\/posts\/226006\/revisions"}],"predecessor-version":[{"id":226009,"href":"https:\/\/corrientesdetarde.com\/index.php\/wp-json\/wp\/v2\/posts\/226006\/revisions\/226009"}],"wp:featuredmedia":[{"embeddable":true,"href":"https:\/\/corrientesdetarde.com\/index.php\/wp-json\/wp\/v2\/media\/226008"}],"wp:attachment":[{"href":"https:\/\/corrientesdetarde.com\/index.php\/wp-json\/wp\/v2\/media?parent=226006"}],"wp:term":[{"taxonomy":"category","embeddable":true,"href":"https:\/\/corrientesdetarde.com\/index.php\/wp-json\/wp\/v2\/categories?post=226006"},{"taxonomy":"post_tag","embeddable":true,"href":"https:\/\/corrientesdetarde.com\/index.php\/wp-json\/wp\/v2\/tags?post=226006"}],"curies":[{"name":"wp","href":"https:\/\/api.w.org\/{rel}","templated":true}]}}