{"id":226019,"date":"2025-09-08T23:20:09","date_gmt":"2025-09-09T02:20:09","guid":{"rendered":"https:\/\/corrientesdetarde.com\/?p=226019"},"modified":"2025-09-08T23:20:29","modified_gmt":"2025-09-09T02:20:29","slug":"las-marias-denuncio-a-misiones-por-un-regimen-de-retenciones-que-afecta-a-la-produccion-yerbatera","status":"publish","type":"post","link":"https:\/\/corrientesdetarde.com\/index.php\/actualidad\/las-marias-denuncio-a-misiones-por-un-regimen-de-retenciones-que-afecta-a-la-produccion-yerbatera\/","title":{"rendered":"Las Mar\u00edas denunci\u00f3 a Misiones por un r\u00e9gimen de retenciones que afecta a la producci\u00f3n yerbatera"},"content":{"rendered":"\n<p>El Gobierno de Corrientes respald\u00f3 la postura de la yerbatera, al considerar que el r\u00e9gimen aplicado por Misiones implica una extracci\u00f3n indebida de fondos que perjudica tanto a las empresas como a las econom\u00edas provinciales que dependen de su producci\u00f3n.<\/p>\n\n\n\n<p>La empresa yerbatera correntina Las Mar\u00edas mantiene un fuerte enfrentamiento con la Agencia Tributaria de Misiones (ATM) por la aplicaci\u00f3n de un sistema de percepciones y retenciones anticipadas del impuesto a los Ingresos Brutos. Seg\u00fan la compa\u00f1\u00eda, este mecanismo genera un desbalance financiero grave, ya que se le retendr\u00edan hasta 600 millones de pesos por mes, cuando el tributo anual correspondiente en esa provincia ronda los 22 millones.<\/p>\n\n\n\n<p>La firma sostiene que la diferencia es tan desproporcionada que equivale a m\u00e1s de tres siglos de impuestos adelantados. Ante esa situaci\u00f3n, decidi\u00f3 acudir a la Justicia Federal de Paso de los Libres, que inicialmente le concedi\u00f3 una medida cautelar para frenar las retenciones. Sin embargo, la resoluci\u00f3n fue apelada por la ATM y el Superior Tribunal de Justicia de Misiones la dej\u00f3 sin efecto, lo que llev\u00f3 el caso hasta la Corte Suprema de Justicia de la Naci\u00f3n.<\/p>\n\n\n\n<p>El conflicto no solo afecta a Las Mar\u00edas, sino tambi\u00e9n a otras empresas yerbateras de la regi\u00f3n que atraviesan dificultades similares en Misiones y Tucum\u00e1n. La compa\u00f1\u00eda se presenta como un caso testigo en un escenario en el que muchas firmas m\u00e1s peque\u00f1as carecen de los recursos necesarios para enfrentar litigios de este tipo.<\/p>\n\n\n\n<p>El Gobierno de Corrientes respald\u00f3 la postura de la yerbatera, al considerar que el r\u00e9gimen aplicado por Misiones implica una extracci\u00f3n indebida de fondos que perjudica tanto a las empresas como a las econom\u00edas provinciales que dependen de su producci\u00f3n.<\/p>\n","protected":false},"excerpt":{"rendered":"<p>El Gobierno de Corrientes respald\u00f3 la postura de la yerbatera, al considerar que el r\u00e9gimen aplicado por Misiones implica una extracci\u00f3n indebida de fondos que perjudica tanto a las empresas&hellip; <\/p>\n","protected":false},"author":4,"featured_media":226020,"comment_status":"closed","ping_status":"open","sticky":false,"template":"","format":"standard","meta":{"footnotes":""},"categories":[23],"tags":[],"class_list":["post-226019","post","type-post","status-publish","format-standard","has-post-thumbnail","hentry","category-actualidad"],"_links":{"self":[{"href":"https:\/\/corrientesdetarde.com\/index.php\/wp-json\/wp\/v2\/posts\/226019","targetHints":{"allow":["GET"]}}],"collection":[{"href":"https:\/\/corrientesdetarde.com\/index.php\/wp-json\/wp\/v2\/posts"}],"about":[{"href":"https:\/\/corrientesdetarde.com\/index.php\/wp-json\/wp\/v2\/types\/post"}],"author":[{"embeddable":true,"href":"https:\/\/corrientesdetarde.com\/index.php\/wp-json\/wp\/v2\/users\/4"}],"replies":[{"embeddable":true,"href":"https:\/\/corrientesdetarde.com\/index.php\/wp-json\/wp\/v2\/comments?post=226019"}],"version-history":[{"count":1,"href":"https:\/\/corrientesdetarde.com\/index.php\/wp-json\/wp\/v2\/posts\/226019\/revisions"}],"predecessor-version":[{"id":226021,"href":"https:\/\/corrientesdetarde.com\/index.php\/wp-json\/wp\/v2\/posts\/226019\/revisions\/226021"}],"wp:featuredmedia":[{"embeddable":true,"href":"https:\/\/corrientesdetarde.com\/index.php\/wp-json\/wp\/v2\/media\/226020"}],"wp:attachment":[{"href":"https:\/\/corrientesdetarde.com\/index.php\/wp-json\/wp\/v2\/media?parent=226019"}],"wp:term":[{"taxonomy":"category","embeddable":true,"href":"https:\/\/corrientesdetarde.com\/index.php\/wp-json\/wp\/v2\/categories?post=226019"},{"taxonomy":"post_tag","embeddable":true,"href":"https:\/\/corrientesdetarde.com\/index.php\/wp-json\/wp\/v2\/tags?post=226019"}],"curies":[{"name":"wp","href":"https:\/\/api.w.org\/{rel}","templated":true}]}}