{"id":226022,"date":"2025-09-08T23:48:52","date_gmt":"2025-09-09T02:48:52","guid":{"rendered":"https:\/\/corrientesdetarde.com\/?p=226022"},"modified":"2025-09-08T23:48:57","modified_gmt":"2025-09-09T02:48:57","slug":"el-transporte-urbano-de-corrientes-vuelve-a-funcionar-con-normalidad-tras-la-reduccion-en-el-servicio","status":"publish","type":"post","link":"https:\/\/corrientesdetarde.com\/index.php\/locales\/el-transporte-urbano-de-corrientes-vuelve-a-funcionar-con-normalidad-tras-la-reduccion-en-el-servicio\/","title":{"rendered":"El transporte urbano de Corrientes vuelve a funcionar con normalidad tras la reducci\u00f3n en el servicio"},"content":{"rendered":"\n<p>Tras un acuerdo entre la UTA y las empresas Ersa y San Lorenzo, el transporte urbano de Corrientes volvi\u00f3 a su esquema habitual. Mientras tanto, contin\u00faa el debate por el preventivo de crisis presentado por las compa\u00f1\u00edas ante la Subsecretar\u00eda de Trabajo.<\/p>\n\n\n\n<p>El servicio de colectivos en la ciudad de Corrientes retom\u00f3 este lunes sus horarios habituales tras varias semanas de limitaci\u00f3n entre las 6 y las 23. La confirmaci\u00f3n lleg\u00f3 luego de una reuni\u00f3n en la Subsecretar\u00eda de Trabajo, donde participaron representantes de las empresas Ersa y San Lorenzo junto con la seccional local de la Uni\u00f3n Tranviarios Automotor (UTA).<\/p>\n\n\n\n<p>Durante el encuentro tambi\u00e9n se abord\u00f3 el pedido de preventivo de crisis presentado por las compa\u00f1\u00edas. Desde el gremio de choferes cuestionaron la falta de documentaci\u00f3n suficiente que respalde la situaci\u00f3n denunciada por las firmas, por lo que solicitaron una nueva audiencia para continuar tratando el tema.<\/p>\n\n\n\n<p>Con el levantamiento de la restricci\u00f3n horaria, los choferes volvieron a cumplir con los recorridos en sus franjas habituales. Seg\u00fan confirmaron desde la UTA, los delegados reportaron la incorporaci\u00f3n de servicios adicionales en distintos ramales, lo que da por restablecida la normalidad en el transporte urbano de la capital correntina.<\/p>\n","protected":false},"excerpt":{"rendered":"<p>Tras un acuerdo entre la UTA y las empresas Ersa y San Lorenzo, el transporte urbano de Corrientes volvi\u00f3 a su esquema habitual. Mientras tanto, contin\u00faa el debate por el&hellip; <\/p>\n","protected":false},"author":4,"featured_media":226023,"comment_status":"closed","ping_status":"open","sticky":false,"template":"","format":"standard","meta":{"footnotes":""},"categories":[8],"tags":[],"class_list":["post-226022","post","type-post","status-publish","format-standard","has-post-thumbnail","hentry","category-locales"],"_links":{"self":[{"href":"https:\/\/corrientesdetarde.com\/index.php\/wp-json\/wp\/v2\/posts\/226022","targetHints":{"allow":["GET"]}}],"collection":[{"href":"https:\/\/corrientesdetarde.com\/index.php\/wp-json\/wp\/v2\/posts"}],"about":[{"href":"https:\/\/corrientesdetarde.com\/index.php\/wp-json\/wp\/v2\/types\/post"}],"author":[{"embeddable":true,"href":"https:\/\/corrientesdetarde.com\/index.php\/wp-json\/wp\/v2\/users\/4"}],"replies":[{"embeddable":true,"href":"https:\/\/corrientesdetarde.com\/index.php\/wp-json\/wp\/v2\/comments?post=226022"}],"version-history":[{"count":1,"href":"https:\/\/corrientesdetarde.com\/index.php\/wp-json\/wp\/v2\/posts\/226022\/revisions"}],"predecessor-version":[{"id":226024,"href":"https:\/\/corrientesdetarde.com\/index.php\/wp-json\/wp\/v2\/posts\/226022\/revisions\/226024"}],"wp:featuredmedia":[{"embeddable":true,"href":"https:\/\/corrientesdetarde.com\/index.php\/wp-json\/wp\/v2\/media\/226023"}],"wp:attachment":[{"href":"https:\/\/corrientesdetarde.com\/index.php\/wp-json\/wp\/v2\/media?parent=226022"}],"wp:term":[{"taxonomy":"category","embeddable":true,"href":"https:\/\/corrientesdetarde.com\/index.php\/wp-json\/wp\/v2\/categories?post=226022"},{"taxonomy":"post_tag","embeddable":true,"href":"https:\/\/corrientesdetarde.com\/index.php\/wp-json\/wp\/v2\/tags?post=226022"}],"curies":[{"name":"wp","href":"https:\/\/api.w.org\/{rel}","templated":true}]}}