{"id":226037,"date":"2025-09-09T08:52:37","date_gmt":"2025-09-09T11:52:37","guid":{"rendered":"https:\/\/corrientesdetarde.com\/?p=226037"},"modified":"2025-09-09T08:52:38","modified_gmt":"2025-09-09T11:52:38","slug":"corrientes-partio-rumbo-a-los-jadar-rosario-2025","status":"publish","type":"post","link":"https:\/\/corrientesdetarde.com\/index.php\/deportes\/corrientes-partio-rumbo-a-los-jadar-rosario-2025\/","title":{"rendered":"Corrientes parti\u00f3 rumbo a los JADAR Rosario 2025"},"content":{"rendered":"\n<p><strong>La delegaci\u00f3n correntina participar\u00e1 desde este martes en los \u201cJuegos Argentinos de Alto Rendimiento\u201d en las ciudades santafesinas de: Rosario, Santa Fe y Rafaela. La cita unir\u00e1 al deporte amateur ol\u00edmpico y paral\u00edmpico de nuestro pa\u00eds.<\/strong><\/p>\n\n\n\n<p><\/p>\n\n\n\n<p>Con indumentaria oficial aportada por la Secretar\u00eda de Deportes del Gobierno de la Provincia, y bajo la coordinaci\u00f3n en terreno del atleta Leonardo Corrales, el equipo correntino est\u00e1 conformado por: &nbsp;<\/p>\n\n\n\n<p>Boxeo femenino: Oviedo Villar Brisa Martina. Judo: Rodr\u00edguez Agustina. Levantamiento de Pesas: Mora Ariel, Cabral Valentina, Gim\u00e9nez Martina, \u00c1lvarez Agustina. Taekwondo: Esp\u00ednola Cereal Ignacio, Liaudat Joaqu\u00edn, Cattarossi Milena Anabel. Ecuestre: Godoy Leonardo, Rico Azcuarone V\u00edctor, Luque Azul.<\/p>\n\n\n\n<p>Ciclismo Pista: Greve Cristina, Almada Jonathan, S\u00e1nchez Ram\u00f3n, Sosa Paola, Bonutti Karina. Remo: G\u00f3mez Enr\u00edquez Alejandro, G\u00f3mez Enr\u00edquez Gast\u00f3n, Romero Tom\u00e1s, Luj\u00e1n Enzo, Rodr\u00edguez Celia, Zibelman Irina. Para Remo: Vera Alejandro Magno.<br>Canotaje: Ayala Jos\u00e9 Eduardo, Descalzo Santiago Maximiliano, Laprovitta Juan Jos\u00e9, Zoloaga Ignacio Agust\u00edn.<\/p>\n\n\n\n<p>Los Juegos JADAR (Juegos Argentinos de Alto Rendimiento), que en su primera edici\u00f3n se realizar\u00e1n desde el 9 hasta el 14 de septiembre, son el m\u00e1ximo evento multideportivo que tendr\u00e1 Argentina, y se disputar\u00e1n cada cuatro a\u00f1os.<\/p>\n\n\n\n<p>Es el primer escal\u00f3n hacia los Juegos Ol\u00edmpicos de Los \u00c1ngeles 2028, despu\u00e9s vendr\u00e1n los Sudamericanos y posteriormente, en 2027, los Panamericanos de Lima. Se disputar\u00e1n 58 disciplinas, 41 ol\u00edmpicas y 11 paral\u00edmpicas. Participar\u00e1n m\u00e1s de 3000 atletas convencionales y adaptados.<\/p>\n","protected":false},"excerpt":{"rendered":"<p>La delegaci\u00f3n correntina participar\u00e1 desde este martes en los \u201cJuegos Argentinos de Alto Rendimiento\u201d en las ciudades santafesinas de: Rosario, Santa Fe y Rafaela. La cita unir\u00e1 al deporte amateur&hellip; <\/p>\n","protected":false},"author":1,"featured_media":226049,"comment_status":"closed","ping_status":"open","sticky":false,"template":"","format":"standard","meta":{"footnotes":""},"categories":[4],"tags":[],"class_list":["post-226037","post","type-post","status-publish","format-standard","has-post-thumbnail","hentry","category-deportes"],"_links":{"self":[{"href":"https:\/\/corrientesdetarde.com\/index.php\/wp-json\/wp\/v2\/posts\/226037","targetHints":{"allow":["GET"]}}],"collection":[{"href":"https:\/\/corrientesdetarde.com\/index.php\/wp-json\/wp\/v2\/posts"}],"about":[{"href":"https:\/\/corrientesdetarde.com\/index.php\/wp-json\/wp\/v2\/types\/post"}],"author":[{"embeddable":true,"href":"https:\/\/corrientesdetarde.com\/index.php\/wp-json\/wp\/v2\/users\/1"}],"replies":[{"embeddable":true,"href":"https:\/\/corrientesdetarde.com\/index.php\/wp-json\/wp\/v2\/comments?post=226037"}],"version-history":[{"count":1,"href":"https:\/\/corrientesdetarde.com\/index.php\/wp-json\/wp\/v2\/posts\/226037\/revisions"}],"predecessor-version":[{"id":226050,"href":"https:\/\/corrientesdetarde.com\/index.php\/wp-json\/wp\/v2\/posts\/226037\/revisions\/226050"}],"wp:featuredmedia":[{"embeddable":true,"href":"https:\/\/corrientesdetarde.com\/index.php\/wp-json\/wp\/v2\/media\/226049"}],"wp:attachment":[{"href":"https:\/\/corrientesdetarde.com\/index.php\/wp-json\/wp\/v2\/media?parent=226037"}],"wp:term":[{"taxonomy":"category","embeddable":true,"href":"https:\/\/corrientesdetarde.com\/index.php\/wp-json\/wp\/v2\/categories?post=226037"},{"taxonomy":"post_tag","embeddable":true,"href":"https:\/\/corrientesdetarde.com\/index.php\/wp-json\/wp\/v2\/tags?post=226037"}],"curies":[{"name":"wp","href":"https:\/\/api.w.org\/{rel}","templated":true}]}}