{"id":226039,"date":"2025-09-09T08:50:46","date_gmt":"2025-09-09T11:50:46","guid":{"rendered":"https:\/\/corrientesdetarde.com\/?p=226039"},"modified":"2025-09-09T08:51:00","modified_gmt":"2025-09-09T11:51:00","slug":"postales-de-una-manana-con-densa-niebla-en-corrientes","status":"publish","type":"post","link":"https:\/\/corrientesdetarde.com\/index.php\/locales\/postales-de-una-manana-con-densa-niebla-en-corrientes\/","title":{"rendered":"Postales de una ma\u00f1ana con densa niebla en Corrientes"},"content":{"rendered":"\n<p><\/p>\n\n\n\n<figure class=\"wp-block-image size-large\"><img loading=\"lazy\" decoding=\"async\" width=\"1024\" height=\"576\" src=\"https:\/\/corrientesdetarde.com\/wp-content\/uploads\/2025\/09\/image-234-1024x576.png\" alt=\"\" class=\"wp-image-226040\" srcset=\"https:\/\/corrientesdetarde.com\/wp-content\/uploads\/2025\/09\/image-234-1024x576.png 1024w, https:\/\/corrientesdetarde.com\/wp-content\/uploads\/2025\/09\/image-234-300x169.png 300w, https:\/\/corrientesdetarde.com\/wp-content\/uploads\/2025\/09\/image-234-768x432.png 768w, https:\/\/corrientesdetarde.com\/wp-content\/uploads\/2025\/09\/image-234.png 1280w\" sizes=\"auto, (max-width: 1024px) 100vw, 1024px\" \/><\/figure>\n\n\n\n<p><a href=\"https:\/\/facebook.com\/\"><br><\/a><a href=\"https:\/\/twitter.com\/\"><\/a><\/p>\n\n\n\n<p>Corrientes amaneci\u00f3 con una densa niebla, tal cual lo hab\u00eda &nbsp;adelantado el pron\u00f3stico del Servicio Metereol\u00f3gico Nacional. La niebla estar\u00e1 presente durante toda la ma\u00f1ana, aunque ir\u00e1 disminuyendo en su densidad, seg\u00fan el SMN.&nbsp;<\/p>\n\n\n\n<p>Se recomienda conducir con precauci\u00f3n especialmente a automovilistas y motociclistas, en ingresos\u00a0 a la ciudad y avenidas, y reducir la velocidad.\u00a0<\/p>\n\n\n\n<figure class=\"wp-block-image size-large\"><img loading=\"lazy\" decoding=\"async\" width=\"1024\" height=\"538\" src=\"https:\/\/corrientesdetarde.com\/wp-content\/uploads\/2025\/09\/image-235-1024x538.png\" alt=\"\" class=\"wp-image-226041\" srcset=\"https:\/\/corrientesdetarde.com\/wp-content\/uploads\/2025\/09\/image-235-1024x538.png 1024w, https:\/\/corrientesdetarde.com\/wp-content\/uploads\/2025\/09\/image-235-300x158.png 300w, https:\/\/corrientesdetarde.com\/wp-content\/uploads\/2025\/09\/image-235-768x403.png 768w, https:\/\/corrientesdetarde.com\/wp-content\/uploads\/2025\/09\/image-235.png 1200w\" sizes=\"auto, (max-width: 1024px) 100vw, 1024px\" \/><\/figure>\n\n\n\n<figure class=\"wp-block-image size-full\"><img loading=\"lazy\" decoding=\"async\" width=\"1000\" height=\"562\" src=\"https:\/\/corrientesdetarde.com\/wp-content\/uploads\/2025\/09\/image-236.png\" alt=\"\" class=\"wp-image-226042\" srcset=\"https:\/\/corrientesdetarde.com\/wp-content\/uploads\/2025\/09\/image-236.png 1000w, https:\/\/corrientesdetarde.com\/wp-content\/uploads\/2025\/09\/image-236-300x169.png 300w, https:\/\/corrientesdetarde.com\/wp-content\/uploads\/2025\/09\/image-236-768x432.png 768w\" sizes=\"auto, (max-width: 1000px) 100vw, 1000px\" \/><\/figure>\n\n\n\n<figure class=\"wp-block-image size-large\"><img loading=\"lazy\" decoding=\"async\" width=\"1024\" height=\"461\" src=\"https:\/\/corrientesdetarde.com\/wp-content\/uploads\/2025\/09\/image-237-1024x461.png\" alt=\"\" class=\"wp-image-226043\" srcset=\"https:\/\/corrientesdetarde.com\/wp-content\/uploads\/2025\/09\/image-237-1024x461.png 1024w, https:\/\/corrientesdetarde.com\/wp-content\/uploads\/2025\/09\/image-237-300x135.png 300w, https:\/\/corrientesdetarde.com\/wp-content\/uploads\/2025\/09\/image-237-768x346.png 768w, https:\/\/corrientesdetarde.com\/wp-content\/uploads\/2025\/09\/image-237.png 1280w\" sizes=\"auto, (max-width: 1024px) 100vw, 1024px\" \/><\/figure>\n\n\n\n<figure class=\"wp-block-image size-large\"><img loading=\"lazy\" decoding=\"async\" width=\"1024\" height=\"576\" src=\"https:\/\/corrientesdetarde.com\/wp-content\/uploads\/2025\/09\/image-238-1024x576.png\" alt=\"\" class=\"wp-image-226044\" srcset=\"https:\/\/corrientesdetarde.com\/wp-content\/uploads\/2025\/09\/image-238-1024x576.png 1024w, https:\/\/corrientesdetarde.com\/wp-content\/uploads\/2025\/09\/image-238-300x169.png 300w, https:\/\/corrientesdetarde.com\/wp-content\/uploads\/2025\/09\/image-238-768x432.png 768w, https:\/\/corrientesdetarde.com\/wp-content\/uploads\/2025\/09\/image-238.png 1280w\" sizes=\"auto, (max-width: 1024px) 100vw, 1024px\" \/><\/figure>\n\n\n\n<figure class=\"wp-block-video\"><video controls src=\"https:\/\/www.diarioellibertador.com.ar\/wp-content\/uploads\/2024\/04\/WhatsApp-Video-2024-04-14-at-09.43.04.mp4\"><\/video><\/figure>\n\n\n\n<p>En la ciudad de Corrientes, las condiciones del tiempo mejorar\u00edan reci\u00e9n el martes, de a acuerdo al SMN, por lo que se insta a los ciudadanos a permanecer en sus hogares y evitar desplazamientos innecesarios, como tambi\u00e9n a los conductores tomar todas las precauciones &nbsp;al desplazarse por las rutas de la provincia para prevenir posibles siniestros.<\/p>\n\n\n\n<figure class=\"wp-block-image size-large\"><img loading=\"lazy\" decoding=\"async\" width=\"1024\" height=\"575\" src=\"https:\/\/corrientesdetarde.com\/wp-content\/uploads\/2025\/09\/image-239-1024x575.png\" alt=\"\" class=\"wp-image-226045\" srcset=\"https:\/\/corrientesdetarde.com\/wp-content\/uploads\/2025\/09\/image-239-1024x575.png 1024w, https:\/\/corrientesdetarde.com\/wp-content\/uploads\/2025\/09\/image-239-300x169.png 300w, https:\/\/corrientesdetarde.com\/wp-content\/uploads\/2025\/09\/image-239-768x432.png 768w, https:\/\/corrientesdetarde.com\/wp-content\/uploads\/2025\/09\/image-239.png 1041w\" sizes=\"auto, (max-width: 1024px) 100vw, 1024px\" \/><\/figure>\n","protected":false},"excerpt":{"rendered":"<p>Corrientes amaneci\u00f3 con una densa niebla, tal cual lo hab\u00eda &nbsp;adelantado el pron\u00f3stico del Servicio Metereol\u00f3gico Nacional. La niebla estar\u00e1 presente durante toda la ma\u00f1ana, aunque ir\u00e1 disminuyendo en su&hellip; <\/p>\n","protected":false},"author":1,"featured_media":226043,"comment_status":"closed","ping_status":"open","sticky":false,"template":"","format":"standard","meta":{"footnotes":""},"categories":[8],"tags":[],"class_list":["post-226039","post","type-post","status-publish","format-standard","has-post-thumbnail","hentry","category-locales"],"_links":{"self":[{"href":"https:\/\/corrientesdetarde.com\/index.php\/wp-json\/wp\/v2\/posts\/226039","targetHints":{"allow":["GET"]}}],"collection":[{"href":"https:\/\/corrientesdetarde.com\/index.php\/wp-json\/wp\/v2\/posts"}],"about":[{"href":"https:\/\/corrientesdetarde.com\/index.php\/wp-json\/wp\/v2\/types\/post"}],"author":[{"embeddable":true,"href":"https:\/\/corrientesdetarde.com\/index.php\/wp-json\/wp\/v2\/users\/1"}],"replies":[{"embeddable":true,"href":"https:\/\/corrientesdetarde.com\/index.php\/wp-json\/wp\/v2\/comments?post=226039"}],"version-history":[{"count":1,"href":"https:\/\/corrientesdetarde.com\/index.php\/wp-json\/wp\/v2\/posts\/226039\/revisions"}],"predecessor-version":[{"id":226047,"href":"https:\/\/corrientesdetarde.com\/index.php\/wp-json\/wp\/v2\/posts\/226039\/revisions\/226047"}],"wp:featuredmedia":[{"embeddable":true,"href":"https:\/\/corrientesdetarde.com\/index.php\/wp-json\/wp\/v2\/media\/226043"}],"wp:attachment":[{"href":"https:\/\/corrientesdetarde.com\/index.php\/wp-json\/wp\/v2\/media?parent=226039"}],"wp:term":[{"taxonomy":"category","embeddable":true,"href":"https:\/\/corrientesdetarde.com\/index.php\/wp-json\/wp\/v2\/categories?post=226039"},{"taxonomy":"post_tag","embeddable":true,"href":"https:\/\/corrientesdetarde.com\/index.php\/wp-json\/wp\/v2\/tags?post=226039"}],"curies":[{"name":"wp","href":"https:\/\/api.w.org\/{rel}","templated":true}]}}