{"id":226052,"date":"2025-09-09T09:34:41","date_gmt":"2025-09-09T12:34:41","guid":{"rendered":"https:\/\/corrientesdetarde.com\/?p=226052"},"modified":"2025-09-09T09:35:12","modified_gmt":"2025-09-09T12:35:12","slug":"decomisaron-un-cargamento-de-casi-una-tonelada-de-dorados-con-destino-a-corrientes","status":"publish","type":"post","link":"https:\/\/corrientesdetarde.com\/index.php\/actualidad\/decomisaron-un-cargamento-de-casi-una-tonelada-de-dorados-con-destino-a-corrientes\/","title":{"rendered":"Decomisaron un cargamento de casi una tonelada de dorados con destino a Corrientes"},"content":{"rendered":"\n<p>Un\u00a0<strong>operativo de control vial\u00a0<\/strong>sobre\u00a0<strong>Ruta Nacional N\u00b0 14<\/strong>, en la jurisdicci\u00f3n de la\u00a0<strong>provincia de Entre R\u00edos<\/strong>, detect\u00f3 un\u00a0<strong>cami\u00f3n frigor\u00edfico\u00a0<\/strong>con casi una\u00a0<strong>tonelada de dorados<\/strong>. La carga ten\u00eda como\u00a0<strong>destino\u00a0<\/strong>la localidad correntina de\u00a0<strong>Bella Vista<\/strong>.<\/p>\n\n\n\n<p><\/p>\n\n\n\n<p>El hecho ocurri\u00f3 el pasado jueves 4 de septiembre en el\u00a0<strong>puesto de control Paso Cerrito<\/strong>, ubicado en el\u00a0<strong>kil\u00f3metro 341 de RN 14<\/strong>, cuando efectivos de la\u00a0<strong>Polic\u00eda de Entre R\u00edos\u00a0<\/strong>detuvieron la marcha de un\u00a0<strong>cami\u00f3n\u00a0<\/strong>marca\u00a0<strong>Mercedes Benz\u00a0<\/strong>con\u00a0<strong>caja t\u00e9rmica\u00a0<\/strong>y logos de la\u00a0<strong>firma \u201cPuerto Ban\u00fas Pescader\u00eda\u201d<\/strong>, que tiene\u00a0<strong>sede\u00a0<\/strong>en\u00a0<strong>Tucum\u00e1n<\/strong>.<\/p>\n\n\n\n<figure class=\"wp-block-image size-large\"><img loading=\"lazy\" decoding=\"async\" width=\"1024\" height=\"576\" src=\"https:\/\/corrientesdetarde.com\/wp-content\/uploads\/2025\/09\/image-242-1024x576.png\" alt=\"\" class=\"wp-image-226055\" srcset=\"https:\/\/corrientesdetarde.com\/wp-content\/uploads\/2025\/09\/image-242-1024x576.png 1024w, https:\/\/corrientesdetarde.com\/wp-content\/uploads\/2025\/09\/image-242-300x169.png 300w, https:\/\/corrientesdetarde.com\/wp-content\/uploads\/2025\/09\/image-242-768x432.png 768w, https:\/\/corrientesdetarde.com\/wp-content\/uploads\/2025\/09\/image-242.png 1200w\" sizes=\"auto, (max-width: 1024px) 100vw, 1024px\" \/><\/figure>\n\n\n\n<h2 class=\"wp-block-heading\">Control y descubrimiento<\/h2>\n\n\n\n<p>Durante las&nbsp;<strong>primeras averiguaciones&nbsp;<\/strong>se constat\u00f3 que el veh\u00edculo&nbsp;<strong>proven\u00eda&nbsp;<\/strong>desde la ciudad de&nbsp;<strong>Concordia, Entre R\u00edos<\/strong>, y ten\u00eda como&nbsp;<strong>destino&nbsp;<\/strong>la&nbsp;<strong>ciudad correntina de Bella Vista<\/strong>. Cuando se pidieron los&nbsp;<strong>documentos pertinentes<\/strong>, el conductor present\u00f3 una&nbsp;<strong>gu\u00eda de tr\u00e1nsito&nbsp;<\/strong>de pescado&nbsp;<strong>emitida&nbsp;<\/strong>en la&nbsp;<strong>provincia de Buenos Aires<\/strong>, que&nbsp;<strong>no correspond\u00eda&nbsp;<\/strong>ni al&nbsp;<strong>veh\u00edculo&nbsp;<\/strong>inspeccionado&nbsp;<strong>ni al cargamento<\/strong>. Adem\u00e1s,&nbsp;<strong>carec\u00eda&nbsp;<\/strong>de los&nbsp;<strong>certificados sanitarios&nbsp;<\/strong>exigidos para el&nbsp;<strong>traslado interjurisdiccional<\/strong>.<\/p>\n\n\n\n<p>Al inspeccionar la&nbsp;<strong>caja t\u00e9rmica<\/strong>, los agentes encontraron alrededor de&nbsp;<strong>1.000 kilogramos&nbsp;<\/strong>de&nbsp;<strong>dorados&nbsp;<\/strong>que eran&nbsp;<strong>transportados a granel<\/strong>,&nbsp;<strong>sin cajones ni hielo<\/strong>, y en el&nbsp;<strong>piso&nbsp;<\/strong>de la&nbsp;<strong>caja t\u00e9rmica<\/strong>, con&nbsp;<strong>restos de pasto y sangre<\/strong>.<\/p>\n\n\n\n<figure class=\"wp-block-image\"><img decoding=\"async\" src=\"https:\/\/pxcdn.ellitoral.com.ar\/litoral\/092025\/1757419397179.webp?cw=807\" alt=\"Decomisaron un cargamento de casi una tonelada de dorados con destino a Corrientes\" title=\"Decomisaron un cargamento de casi una tonelada de dorados con destino a Corrientes-\"\/><\/figure>\n\n\n\n<h2 class=\"wp-block-heading\">Ilegalidad<\/h2>\n\n\n\n<p>El&nbsp;<strong>dorado&nbsp;<\/strong>es una&nbsp;<strong>especie emblem\u00e1tica&nbsp;<\/strong>del&nbsp;<strong>litoral&nbsp;<\/strong>argentino, es considerado un&nbsp;<strong>recurso tur\u00edstico&nbsp;<\/strong>y&nbsp;<strong>deportivo&nbsp;<\/strong>de&nbsp;<strong>gran valor<\/strong>. Su&nbsp;<strong>protecci\u00f3n&nbsp;<\/strong>apunta a&nbsp;<strong>preservar la biodiversidad&nbsp;<\/strong>y&nbsp;<strong>evitar&nbsp;<\/strong>la&nbsp;<strong>depredaci\u00f3n&nbsp;<\/strong>de los r\u00edos de la regi\u00f3n.<\/p>\n\n\n\n<p>El personal de&nbsp;<strong>Recursos Naturales&nbsp;<\/strong>y de la&nbsp;<strong>Polic\u00eda&nbsp;<\/strong>labr\u00f3 las&nbsp;<strong>actas&nbsp;<\/strong>y&nbsp;<strong>procedi\u00f3 al decomiso<\/strong>. El hecho qued\u00f3 encuadrado en la&nbsp;<strong>Ley de Pesca N\u00ba 4.892&nbsp;<\/strong>y normas complementarias, as\u00ed como en la&nbsp;<strong>Ley de Inter\u00e9s Tur\u00edstico del Dorado N\u00ba 11.175&nbsp;<\/strong>y su&nbsp;<strong>decreto reglamentario<\/strong>, que&nbsp;<strong>proh\u00edben&nbsp;<\/strong>su&nbsp;<strong>captura<\/strong>,&nbsp;<strong>acopio<\/strong>,&nbsp;<strong>venta&nbsp;<\/strong>y&nbsp;<strong>tr\u00e1nsito&nbsp;<\/strong>con&nbsp;<strong>fines comerciales<\/strong>.<\/p>\n\n\n\n<p>Por otro lado, el&nbsp;<strong>chofer<\/strong>, un hombre de 49 a\u00f1os&nbsp;<strong>domiciliado&nbsp;<\/strong>en&nbsp;<strong>Bella Vista<\/strong>, fue puesto a disposici\u00f3n de la&nbsp;<strong>Justicia&nbsp;<\/strong>y&nbsp;<strong>trasladado&nbsp;<\/strong>junto a lo secuestrado a la&nbsp;<strong>comisar\u00eda correspondiente<\/strong>.<\/p>\n","protected":false},"excerpt":{"rendered":"<p>Un\u00a0operativo de control vial\u00a0sobre\u00a0Ruta Nacional N\u00b0 14, en la jurisdicci\u00f3n de la\u00a0provincia de Entre R\u00edos, detect\u00f3 un\u00a0cami\u00f3n frigor\u00edfico\u00a0con casi una\u00a0tonelada de dorados. La carga ten\u00eda como\u00a0destino\u00a0la localidad correntina de\u00a0Bella Vista.&hellip; <\/p>\n","protected":false},"author":1,"featured_media":226054,"comment_status":"closed","ping_status":"open","sticky":false,"template":"","format":"standard","meta":{"footnotes":""},"categories":[23,33],"tags":[],"class_list":["post-226052","post","type-post","status-publish","format-standard","has-post-thumbnail","hentry","category-actualidad","category-policiales"],"_links":{"self":[{"href":"https:\/\/corrientesdetarde.com\/index.php\/wp-json\/wp\/v2\/posts\/226052","targetHints":{"allow":["GET"]}}],"collection":[{"href":"https:\/\/corrientesdetarde.com\/index.php\/wp-json\/wp\/v2\/posts"}],"about":[{"href":"https:\/\/corrientesdetarde.com\/index.php\/wp-json\/wp\/v2\/types\/post"}],"author":[{"embeddable":true,"href":"https:\/\/corrientesdetarde.com\/index.php\/wp-json\/wp\/v2\/users\/1"}],"replies":[{"embeddable":true,"href":"https:\/\/corrientesdetarde.com\/index.php\/wp-json\/wp\/v2\/comments?post=226052"}],"version-history":[{"count":1,"href":"https:\/\/corrientesdetarde.com\/index.php\/wp-json\/wp\/v2\/posts\/226052\/revisions"}],"predecessor-version":[{"id":226056,"href":"https:\/\/corrientesdetarde.com\/index.php\/wp-json\/wp\/v2\/posts\/226052\/revisions\/226056"}],"wp:featuredmedia":[{"embeddable":true,"href":"https:\/\/corrientesdetarde.com\/index.php\/wp-json\/wp\/v2\/media\/226054"}],"wp:attachment":[{"href":"https:\/\/corrientesdetarde.com\/index.php\/wp-json\/wp\/v2\/media?parent=226052"}],"wp:term":[{"taxonomy":"category","embeddable":true,"href":"https:\/\/corrientesdetarde.com\/index.php\/wp-json\/wp\/v2\/categories?post=226052"},{"taxonomy":"post_tag","embeddable":true,"href":"https:\/\/corrientesdetarde.com\/index.php\/wp-json\/wp\/v2\/tags?post=226052"}],"curies":[{"name":"wp","href":"https:\/\/api.w.org\/{rel}","templated":true}]}}