{"id":226060,"date":"2025-09-09T09:40:01","date_gmt":"2025-09-09T12:40:01","guid":{"rendered":"https:\/\/corrientesdetarde.com\/?p=226060"},"modified":"2025-09-09T09:40:09","modified_gmt":"2025-09-09T12:40:09","slug":"por-primera-vez-catolicos-lgtbiq-pasan-la-puerta-santa-de-san-pedro","status":"publish","type":"post","link":"https:\/\/corrientesdetarde.com\/index.php\/informacion-general\/por-primera-vez-catolicos-lgtbiq-pasan-la-puerta-santa-de-san-pedro\/","title":{"rendered":"Por primera vez, cat\u00f3licos Lgtbiq+ pasan la Puerta Santa de San Pedro"},"content":{"rendered":"\n<p>Los cat\u00f3licos Lgtbiq+ atravesaron este s\u00e1bado la Puerta Santa de San Pedro durante el Jubileo, algo sin precedentes en la Iglesia cat\u00f3lica porque \u00abnadie tiene que sentirse excluido\u00bb, dijo el vicepresidente de los obispos italianos, Francesco Savino, en la misa que precedi\u00f3 este peregrinaje.<br>Aunque no se puede llamar Jubileo de los Lgtbiq+ al no ser un gran evento jubilar, como de la Juventud o el de los Pobres, fue incluido en la agenda oficial como las innumerables peregrinaciones organizadas espont\u00e1neamente por parroquias, di\u00f3cesis, asociaciones y organizaciones cat\u00f3licas.<br>Y como cualquier grupo de peregrinos, las asociaciones que representan a los colectivos homosexuales cat\u00f3licos, transg\u00e9neros y padres de hijos Lgtbiq+, las cerca 1.300 personas que se inscribieron, llegadas de todo el mundo, atravesaron la Puerta Santa precedidos por su Cruz arco\u00edris.<\/p>\n\n\n\n<p><br>Sin banderas, porque \u00abno era un desfile del orgullo\u00bb, pero con muchos s\u00edmbolos, gorros y camisetas con el arco\u00edris que identifica el colectivo.<br>\u00abEs necesario liberarse de los prejuicios\u00bb y \u00abnadie debe sentirse excluido, insisto, nadie debe sentirse excluido\u00bb, afirm\u00f3 Francesco Savino, vicepresidente de la Conferencia Episcopal Italiana, en la homil\u00eda de la misa celebrada en la iglesia del Ges\u00f9 de Roma.<br>Un evento aprobado por Francisco y confirmado por su sucesor, ya que Savino explic\u00f3 que se hab\u00eda reunido con Le\u00f3n XIV en agosto y que le dijo: \u00abVaya a celebrar este Jubileo de las asociaciones que se ocupan de estos hermanos y hermanas\u00bb.<\/p>\n\n\n\n<p>INCLUSI\u00d3N Y VISIBILIDAD<\/p>\n\n\n\n<p>Un \u00e9xito para los cat\u00f3licos Lgtbiq+ que han conseguido inclusi\u00f3n y visibilidad pero que esperan que contin\u00fae el cambio y que, por ejemplo, en el catecismo se define como desordenados los actos homosexuales.<br>Entre los participantes, un grupo numeroso llegado de Espa\u00f1a. Aitor Airbaiza, de Bilbao, explicaba mientras se preparaba para peregrinar a la Puerta Santa: \u00abPara nosotros, que somos familia, tenemos tres ni\u00f1os, est\u00e1 siendo una experiencia muy gratificante. El sentirnos que somos cristianos. Intentamos trabajar d\u00eda a d\u00eda en todos los valores con nuestros hijos\u00bb.<br>\u00abEs verdad que hemos vivido muchos tiempos y \u00e9pocas de sufrimiento como cat\u00f3licos, y ver, por ejemplo hoy en la celebraci\u00f3n, el mensaje liberador de paz, de celebraci\u00f3n, de sentirse a gusto, pues para m\u00ed est\u00e1 siendo una experiencia inolvidable. Yo digo: es un peque\u00f1o paso para los cristianos y un gran paso para la Iglesia\u00bb, a\u00f1ad\u00eda Josu Beaskoetxea, tambi\u00e9n de Bilbao.<br>Maritza Fuenzalida, de Chile, explica que \u00aben lo personal es una alegr\u00eda gigante\u00bb mientras que para su asociaci\u00f3n Diversidad Vocal, \u00abes una oportunidad para hacernos m\u00e1s visibles dentro de Latinoam\u00e9rica, que existen personas que somos Lgtbiq+ adem\u00e1s creyentes. As\u00ed que es esperanza\u00bb.<br>Eduardo Navarro, de Zaragoza, tambi\u00e9n considerada este peregrinaje \u00abun d\u00eda hist\u00f3rico en el que la Iglesia por fin acoge a las comunidades del colectivo. Significa visibilizar en un espacio en el que hasta ahora estaba completamente vedado a la diversidad. Y que finalmente no s\u00f3lo acoge, que ya acog\u00eda, sino que hoy visibiliza\u00bb, a\u00f1ade.<br>Tambi\u00e9n calific\u00f3 como hist\u00f3rico este momento In\u00e9s L\u00f3pez, de San Sebasti\u00e1n. \u00abAnoche y hoy hemos vivido unas celebraciones preciosas, de gran emoci\u00f3n, de un sentir com\u00fan de que somos iglesia, que nos dejan ser iglesia. Creo que es un paso adelante muy importante dentro de la Iglesia. Para el colectivo lo mismo\u00bb.<\/p>\n\n\n\n<p>Lo autoriz\u00f3 Francisco y lo continu\u00f3<br>el Papa Le\u00f3n XIV<\/p>\n\n\n\n<p>Los cat\u00f3licos Lgtbiq+ atravesaron este s\u00e1bado la Puerta Santa de San Pedro durante el Jubileo, algo sin precedentes en la Iglesia cat\u00f3lica porque \u00abnadie tiene que sentirse excluido\u00bb, dijo el vicepresidente de los obispos italianos, Francesco Savino, en la misa que precedi\u00f3 este peregrinaje.<br>El evento fue aprobado por el Papa Francisco y confirmado por su sucesor, ya que Savino explic\u00f3 que se hab\u00eda reunido con Le\u00f3n XIV en agosto y que le dijo: \u00abVaya a celebrar este Jubileo de las asociaciones que se ocupan de estos hermanos y hermanas\u00bb.<br>As\u00ed, sin banderas, porque aclararon que \u00abno era un desfile del orgullo\u00bb, pero con muchos s\u00edmbolos, gorros y camisetas con el arco\u00edris caracter\u00edstico traspasaron la Puerta jubilar si bien, como se indic\u00f3, fue incluido en la agenda oficial no como Jubileo, sino como las innumerables peregrinaciones organizadas espont\u00e1neamente por parroquias, di\u00f3cesis, asociaciones y organizaciones cat\u00f3licas, inform\u00f3 la agencia de noticias EFE.<\/p>\n\n\n\n<p><\/p>\n","protected":false},"excerpt":{"rendered":"<p>Los cat\u00f3licos Lgtbiq+ atravesaron este s\u00e1bado la Puerta Santa de San Pedro durante el Jubileo, algo sin precedentes en la Iglesia cat\u00f3lica porque \u00abnadie tiene que sentirse excluido\u00bb, dijo el&hellip; <\/p>\n","protected":false},"author":1,"featured_media":226062,"comment_status":"closed","ping_status":"open","sticky":false,"template":"","format":"standard","meta":{"footnotes":""},"categories":[1],"tags":[],"class_list":["post-226060","post","type-post","status-publish","format-standard","has-post-thumbnail","hentry","category-informacion-general"],"_links":{"self":[{"href":"https:\/\/corrientesdetarde.com\/index.php\/wp-json\/wp\/v2\/posts\/226060","targetHints":{"allow":["GET"]}}],"collection":[{"href":"https:\/\/corrientesdetarde.com\/index.php\/wp-json\/wp\/v2\/posts"}],"about":[{"href":"https:\/\/corrientesdetarde.com\/index.php\/wp-json\/wp\/v2\/types\/post"}],"author":[{"embeddable":true,"href":"https:\/\/corrientesdetarde.com\/index.php\/wp-json\/wp\/v2\/users\/1"}],"replies":[{"embeddable":true,"href":"https:\/\/corrientesdetarde.com\/index.php\/wp-json\/wp\/v2\/comments?post=226060"}],"version-history":[{"count":1,"href":"https:\/\/corrientesdetarde.com\/index.php\/wp-json\/wp\/v2\/posts\/226060\/revisions"}],"predecessor-version":[{"id":226063,"href":"https:\/\/corrientesdetarde.com\/index.php\/wp-json\/wp\/v2\/posts\/226060\/revisions\/226063"}],"wp:featuredmedia":[{"embeddable":true,"href":"https:\/\/corrientesdetarde.com\/index.php\/wp-json\/wp\/v2\/media\/226062"}],"wp:attachment":[{"href":"https:\/\/corrientesdetarde.com\/index.php\/wp-json\/wp\/v2\/media?parent=226060"}],"wp:term":[{"taxonomy":"category","embeddable":true,"href":"https:\/\/corrientesdetarde.com\/index.php\/wp-json\/wp\/v2\/categories?post=226060"},{"taxonomy":"post_tag","embeddable":true,"href":"https:\/\/corrientesdetarde.com\/index.php\/wp-json\/wp\/v2\/tags?post=226060"}],"curies":[{"name":"wp","href":"https:\/\/api.w.org\/{rel}","templated":true}]}}