{"id":226069,"date":"2025-09-09T10:39:09","date_gmt":"2025-09-09T13:39:09","guid":{"rendered":"https:\/\/corrientesdetarde.com\/?p=226069"},"modified":"2025-09-09T10:39:17","modified_gmt":"2025-09-09T13:39:17","slug":"corrientes-la-provincia-con-mas-yaguaretes-libres-se-afianza-en-produccion-de-naturaleza-y-turismo","status":"publish","type":"post","link":"https:\/\/corrientesdetarde.com\/index.php\/informacion-general\/corrientes-la-provincia-con-mas-yaguaretes-libres-se-afianza-en-produccion-de-naturaleza-y-turismo\/","title":{"rendered":"Corrientes, la provincia con m\u00e1s yaguaret\u00e9s libres, se afianza en producci\u00f3n de naturaleza y turismo"},"content":{"rendered":"\n<p><em>Ya son entre 35 y 40 los ejemplares que viven en libertad en los Esteros, y se integran a una cadena de especies con su rol firme. Cada vez m\u00e1s, se los puede avistar en los paseos. Desde 2018, cuando nacieron los primeros cachorros, comenz\u00f3 para la provincia una nueva era. El tiempo de los yaguaret\u00e9s libres marc\u00f3 un hito con la liberaci\u00f3n de los primeros ejemplares en 2021.<\/em><\/p>\n\n\n\n<figure class=\"wp-block-image size-large\"><img loading=\"lazy\" decoding=\"async\" width=\"1024\" height=\"681\" src=\"https:\/\/corrientesdetarde.com\/wp-content\/uploads\/2025\/09\/image-247-1024x681.png\" alt=\"\" class=\"wp-image-226079\" srcset=\"https:\/\/corrientesdetarde.com\/wp-content\/uploads\/2025\/09\/image-247-1024x681.png 1024w, https:\/\/corrientesdetarde.com\/wp-content\/uploads\/2025\/09\/image-247-300x200.png 300w, https:\/\/corrientesdetarde.com\/wp-content\/uploads\/2025\/09\/image-247-768x511.png 768w, https:\/\/corrientesdetarde.com\/wp-content\/uploads\/2025\/09\/image-247.png 1057w\" sizes=\"auto, (max-width: 1024px) 100vw, 1024px\" \/><\/figure>\n\n\n\n<p><\/p>\n\n\n\n<p>Desde la visi\u00f3n de recuperar especies extinguidas hace m\u00e1s de 70 a\u00f1os en la regi\u00f3n hasta la realidad que se puede ver cada d\u00eda en los Esteros del Iber\u00e1 parece que hubieran pasado siglos. Y aunque no han sido tantos, en los \u00faltimos a\u00f1os desde la liberaci\u00f3n de los primeros ejemplares hasta ahora, la familia de yaguaret\u00e9s que viven, coexisten con otras especies que estaban tambi\u00e9n en peligro, cazan, se reproducen y ya pueden ser observados por visitantes y habitantes de la zona, son cada vez m\u00e1s.<\/p>\n\n\n\n<p>A trav\u00e9s de un video, la fundaci\u00f3n Rewilding Argentina comparti\u00f3 im\u00e1genes captadas con c\u00e1maras trampa que ilustran esa evoluci\u00f3n. &nbsp;Lo publicaron en redes sociales bajo el t\u00edtulo de \u201cIber\u00e1 Renace en 30 segundos\u201d. Y relata lo siguiente: \u201cEn un monte en el coraz\u00f3n de Iber\u00e1, una c\u00e1mara trampa registra a Kara\u00ed, quien fuera liberada en enero de 2021 cuando era una cachorrita de solo cuatro meses. &nbsp;&nbsp;Detr\u00e1s aparece Poo Guaz\u00fa, uno de los cachorros de su tercera camada, con la caza del d\u00eda entre sus fauces: un mono caray\u00e1. Segundos despu\u00e9s, el joven yaguaret\u00e9 es sorprendido por un pecar\u00ed de collar que lo persigue. Momentos m\u00e1s tarde, la familia de pecar\u00edes sigue merodeando por el monte con su cr\u00eda. Aunque no fueron los \u00faltimos ese d\u00eda, al finalizar la tarde, Kara\u00ed y sus dos cachorros, Poo Guaz\u00fa y Mimb\u00ed (un macho y una hembra) retozan frente a la c\u00e1mara\u201d, describen.<\/p>\n\n\n\n<p>A modo de reflexi\u00f3n, desde la organizaci\u00f3n que fue pionera en la reintroducci\u00f3n de estas especies y forma parte del Comit\u00e9 Iber\u00e1, destacaron: \u201cHace pocos a\u00f1os, en estos montes no hab\u00eda yaguaret\u00e9s ni pecar\u00edes, y los monos caray\u00e1 eran escasos. Hoy podemos volver a observar estas interacciones. El rewilding (reintroducci\u00f3n) los ha tra\u00eddo de vuelta y el Iber\u00e1 es un ecosistema cada vez m\u00e1s completo, funcional y bello\u201d.<\/p>\n\n\n\n<figure class=\"wp-block-image size-large\"><img loading=\"lazy\" decoding=\"async\" width=\"1024\" height=\"697\" src=\"https:\/\/corrientesdetarde.com\/wp-content\/uploads\/2025\/09\/image-248-1024x697.png\" alt=\"\" class=\"wp-image-226080\" srcset=\"https:\/\/corrientesdetarde.com\/wp-content\/uploads\/2025\/09\/image-248-1024x697.png 1024w, https:\/\/corrientesdetarde.com\/wp-content\/uploads\/2025\/09\/image-248-300x204.png 300w, https:\/\/corrientesdetarde.com\/wp-content\/uploads\/2025\/09\/image-248-768x523.png 768w, https:\/\/corrientesdetarde.com\/wp-content\/uploads\/2025\/09\/image-248.png 1169w\" sizes=\"auto, (max-width: 1024px) 100vw, 1024px\" \/><\/figure>\n\n\n\n<p><strong>Tierra de yaguaret\u00e9s<\/strong><\/p>\n\n\n\n<p>Hasta 2024, se contaba con unos 25 yaguaret\u00e9s libres, varios de ellos nacidos en Iber\u00e1 a partir de la reintroducci\u00f3n de los primeros ejemplares que&nbsp; hab\u00edan sido tra\u00eddos desde otros puntos del pa\u00eds y &nbsp;Latinoam\u00e9rica para cumplir esa funci\u00f3n de reproductores.<\/p>\n\n\n\n<p>\u201cEn 2025, estimamos que son entre 35 y 40. Y digo estimamos, porque no se puede saber con total certeza. A la mayor\u00eda los tenemos monitoreados. Salen en c\u00e1maras trampa o tienen collar. Pero como ya hay muchos que van naciendo en libertad, ya no tenemos registro individualizado. La manera de reconocerlos es a trav\u00e9s de su patr\u00f3n de manchas, que cada uno tiene de manera \u00fanica, como si fuera una huella digital. Tenemos un registro, como si fuera un manual, donde est\u00e1 cada uno con la foto de sus manchas identificado con sus nombres. De ese modo, al observarlos podemos identificarlos. Pero en algunas ocasiones registramos algunos que no conoc\u00edamos y aparecen con cachorros, o siguiendo el rastro de algun otro animal\u201d, describe Marisi L\u00f3pez, coordinadora Ejecutiva del Comit\u00e9 Iber\u00e1 y parte de Rewilding Argentina.<\/p>\n\n\n\n<p>Los felinos ya se mueven por toda la isla San Alonso, de unas 11 mil hect\u00e1reas. Y se han ido registrando tambi\u00e9n \u201cvarias dispersiones de ejemplares que han cruzado nadando. Uno apareci\u00f3 cerca de Carlos Pellegrini, atraves\u00f3 todos los Esteros. Sabemos que son grandes nadadores. Tambi\u00e9n se ha visto otro por pescadores brasileros en It\u00e1 Ibat\u00e9. Y hubo otro registro en video de un paisano del campo, que se cruz\u00f3 con un yaguaret\u00e9 cazando un chancho salvaje\u201d, enumer\u00f3.<\/p>\n\n\n\n<p>\u201cFue en un campo ganadero: el hombre iba a caballo haciendo una recorrida por la hacienda y not\u00f3 un movimiento extra\u00f1o detr\u00e1s de unos arbustos. As\u00ed que empez\u00f3 a filmar. Luego un yaguaret\u00e9 sale corriendo al escuchar el caballo, y dej\u00f3 a medio comer al chancho salvaje. Vemos que comienzan a moverse, incluso entre medio de campos ganaderos, sin tocar vacas ni ternernos. Cazan estos chanchos que son plagas. Y cuando escuchan personas, se alejan. Es una muy buena actitud, cumpliendo su rol de depredador tope, movi\u00e9ndose ya por diferentes lugares fuera de la Isla\u201d, remarc\u00f3.<\/p>\n\n\n\n<p>Esa coexistencia con diversas especies y tambi\u00e9n con los habitantes del entorno era algo que se esperaba, y que se confirma con los distintos avistajes que se han ido dando. \u201cEstamos cada vez m\u00e1s cerca del momento en que los turistas puedan ir a Iber\u00e1 a observar yaguaret\u00e9s. Hay mucha expectativa en torno a ese turismo, en todo el mundo\u201d, asegur\u00f3 la referente.<\/p>\n\n\n\n<p>Tambi\u00e9n los bi\u00f3logos y especialistas que trabajan en el proyecto han podido encontrarse con familias de yaguaret\u00e9s que los observaban desde las orillas al recorrer la isla navegando. \u201cNo falta mucho para que esto se convierta en turismo de observaci\u00f3n de yaguaret\u00e9s. Habr\u00e1 que ver por d\u00f3nde, y c\u00f3mo se instrumenta. Pero Iber\u00e1 est\u00e1 cada vez m\u00e1s cerca de eso\u201d, sostuvo.<\/p>\n\n\n\n<p><strong>Producci\u00f3n de Naturaleza<\/strong><\/p>\n\n\n\n<p>A trav\u00e9s del plan Iber\u00e1, \u201cse lo est\u00e1 viendo al territorio de manera abarcativa. Desde lo tur\u00edstico, donde se generan m\u00e1s ingresos para las localidades. Pero tambi\u00e9n la manera en que la fauna se convierte en el atractivo para atraer a ese desarrollo. El Iber\u00e1 ya es el destino de avistaje de fauna silvestre m\u00e1s importante de Argentina\u201d, asegur\u00f3 L\u00f3pez. Ciervos, venados de las pampas, carpinchos y m\u00e1s de 370 especies de aves conforman esa riqueza de biodiversidad restaurada. \u201cEl yaguaret\u00e9 es la joya. Tambi\u00e9n lo va a ser la nutria gigante, que tuvo a su primera familia liberada hace unos dos meses en San Alonso. Corrientes es la \u00fanica provincia que tiene una familia de nutrias gigantes recorriendo sus lagunas y esteros\u201d, destac\u00f3.<\/p>\n\n\n\n<p>El lobo gargantilla, el oso hormiguero gigante, el pecar\u00ed de collar, el guacamayo rojo y el muit\u00fa son otras especies que estaban localmente extintas y que se han ido recuperando. De ese modo, la provincia se ha ido convirtiendo, desde el punto de vista ambiental, en un modelo a seguir en todo el mundo.<\/p>\n\n\n\n<p><strong>Compromiso con el futuro<\/strong><\/p>\n\n\n\n<p>A trav\u00e9s del Plan Iber\u00e1, el gobierno de la provincia consolida esa visi\u00f3n y sus l\u00edneas de acci\u00f3n y asegura la continuidad de este proyecto a trav\u00e9s de pol\u00edticas p\u00fablicas.<\/p>\n\n\n\n<p>Obras, programas educativos y un gran impulso a los oficios y la gastronom\u00eda son parte de las estrategias que engloba el Plan Iber\u00e1 en este a\u00f1o, en que el derrame de la actividad que genera el turismo de naturaleza pretende alcanzar a unos 13 municipios y consolidar el posicionamiento del destino de naturaleza por excelencia dentro de Argentina y el continente.<\/p>\n\n\n\n<p>&nbsp;As\u00ed lo expres\u00f3 el gobernador Gustavo Vald\u00e9s y las autoridades del Comit\u00e9 Iber\u00e1, en las figuras de su presidente el Senador Sergio Flinta y la Ministra de Turismo de la provincia, Alejandra Eliciri. Frente a un gran n\u00famero de intendentes de distintas localidades involucradas en las acciones, as\u00ed como a autoridades de la Universidad Nacional del Nordeste y de funcionarios del gobierno provincial de \u00e1reas tan diversas como Salud, Educaci\u00f3n y Obras P\u00fablicas en el mes de mayo. La presentaci\u00f3n, permiti\u00f3 conocer detalles de los avances y acciones planificadas para este 2025.<\/p>\n\n\n\n<p>Museos hist\u00f3ricos, la restauraci\u00f3n de edificios, la instalaci\u00f3n de nuevas seccionales de guardaparques, la finalizaci\u00f3n de rutas, la apertura de canales de navegaci\u00f3n dentro del sistema de lagunas, la adjudicaci\u00f3n de hect\u00e1reas a emprendimientos de hoteler\u00eda de alta gama, el desarrollo de programas de educaci\u00f3n ambiental, la formaci\u00f3n de guardaparques, la certificaci\u00f3n de huella de carbono y del ecosistema como Sitio Ramsar, la promoci\u00f3n internacional de Iber\u00e1 como destino ecotur\u00edstico, la provisi\u00f3n de infraestructura para la recuperaci\u00f3n de fauna silvestre, el desarrollo y formaci\u00f3n en emprendedurismo a cocineros y artesanos y la realizaci\u00f3n de una feria como el Iber\u00e1 Convida recientemente realizada son parte de las acciones de este Plan.<\/p>\n\n\n\n<p>&#8220;El Iber\u00e1 es un poco de todo: conservaci\u00f3n, turismo, gastronom\u00eda, obra p\u00fablica y cultura&#8221;, afirm\u00f3 el gobernador Vald\u00e9s durante esa presentaci\u00f3n, a la vez que subray\u00f3 la necesidad de articular acciones bajo una visi\u00f3n com\u00fan para garantizar un crecimiento sostenido en la regi\u00f3n. En este sentido, se\u00f1al\u00f3 que el Comit\u00e9 Iber\u00e1, que opera dentro del Ministerio de Turismo, tiene el desaf\u00edo de consolidar estas iniciativas en una \u00fanica estrategia de trabajo.<\/p>\n\n\n\n<p>Entre los principales ejes del plan, Vald\u00e9s resalt\u00f3 la protecci\u00f3n del Iber\u00e1 mediante la formaci\u00f3n de nuevos guardaparques.&nbsp; En cuanto al desarrollo del turismo sostenible, el gobernador se\u00f1al\u00f3 la necesidad de diversificar las actividades en el Iber\u00e1 para atraer visitantes y dinamizar la econom\u00eda local.<\/p>\n\n\n\n<p>Finalmente, Vald\u00e9s reafirm\u00f3 su compromiso con el crecimiento del Iber\u00e1 como destino tur\u00edstico de referencia en Argentina y Sudam\u00e9rica. &#8220;Tenemos que lograr que los Esteros del Iber\u00e1 sean parte de la mejor oferta tur\u00edstica del pa\u00eds&#8221;, afirm\u00f3, llamando a la colaboraci\u00f3n de diferentes ministerios e instituciones. Enfatiz\u00f3 que el desarrollo del Iber\u00e1 no solo implica turismo, sino tambi\u00e9n inversiones estrat\u00e9gicas en infraestructura y cultura. &#8220;Estamos dando otro paso m\u00e1s para sacarle brillo a esta joya que tenemos los correntinos&#8221;, concluy\u00f3.<\/p>\n\n\n\n<figure class=\"wp-block-image size-large\"><img loading=\"lazy\" decoding=\"async\" width=\"1024\" height=\"669\" src=\"https:\/\/corrientesdetarde.com\/wp-content\/uploads\/2025\/09\/image-250-1024x669.png\" alt=\"\" class=\"wp-image-226082\" srcset=\"https:\/\/corrientesdetarde.com\/wp-content\/uploads\/2025\/09\/image-250-1024x669.png 1024w, https:\/\/corrientesdetarde.com\/wp-content\/uploads\/2025\/09\/image-250-300x196.png 300w, https:\/\/corrientesdetarde.com\/wp-content\/uploads\/2025\/09\/image-250-768x502.png 768w, https:\/\/corrientesdetarde.com\/wp-content\/uploads\/2025\/09\/image-250.png 1076w\" sizes=\"auto, (max-width: 1024px) 100vw, 1024px\" \/><\/figure>\n","protected":false},"excerpt":{"rendered":"<p>Ya son entre 35 y 40 los ejemplares que viven en libertad en los Esteros, y se integran a una cadena de especies con su rol firme. Cada vez m\u00e1s,&hellip; <\/p>\n","protected":false},"author":1,"featured_media":226081,"comment_status":"closed","ping_status":"open","sticky":false,"template":"","format":"standard","meta":{"footnotes":""},"categories":[1],"tags":[],"class_list":["post-226069","post","type-post","status-publish","format-standard","has-post-thumbnail","hentry","category-informacion-general"],"_links":{"self":[{"href":"https:\/\/corrientesdetarde.com\/index.php\/wp-json\/wp\/v2\/posts\/226069","targetHints":{"allow":["GET"]}}],"collection":[{"href":"https:\/\/corrientesdetarde.com\/index.php\/wp-json\/wp\/v2\/posts"}],"about":[{"href":"https:\/\/corrientesdetarde.com\/index.php\/wp-json\/wp\/v2\/types\/post"}],"author":[{"embeddable":true,"href":"https:\/\/corrientesdetarde.com\/index.php\/wp-json\/wp\/v2\/users\/1"}],"replies":[{"embeddable":true,"href":"https:\/\/corrientesdetarde.com\/index.php\/wp-json\/wp\/v2\/comments?post=226069"}],"version-history":[{"count":1,"href":"https:\/\/corrientesdetarde.com\/index.php\/wp-json\/wp\/v2\/posts\/226069\/revisions"}],"predecessor-version":[{"id":226083,"href":"https:\/\/corrientesdetarde.com\/index.php\/wp-json\/wp\/v2\/posts\/226069\/revisions\/226083"}],"wp:featuredmedia":[{"embeddable":true,"href":"https:\/\/corrientesdetarde.com\/index.php\/wp-json\/wp\/v2\/media\/226081"}],"wp:attachment":[{"href":"https:\/\/corrientesdetarde.com\/index.php\/wp-json\/wp\/v2\/media?parent=226069"}],"wp:term":[{"taxonomy":"category","embeddable":true,"href":"https:\/\/corrientesdetarde.com\/index.php\/wp-json\/wp\/v2\/categories?post=226069"},{"taxonomy":"post_tag","embeddable":true,"href":"https:\/\/corrientesdetarde.com\/index.php\/wp-json\/wp\/v2\/tags?post=226069"}],"curies":[{"name":"wp","href":"https:\/\/api.w.org\/{rel}","templated":true}]}}