{"id":226070,"date":"2025-09-09T10:09:16","date_gmt":"2025-09-09T13:09:16","guid":{"rendered":"https:\/\/corrientesdetarde.com\/?p=226070"},"modified":"2025-09-09T10:11:00","modified_gmt":"2025-09-09T13:11:00","slug":"un-camion-se-prendio-fuego-tras-grave-siniestro-en-ruta-nacional-n-14","status":"publish","type":"post","link":"https:\/\/corrientesdetarde.com\/index.php\/informacion-general\/un-camion-se-prendio-fuego-tras-grave-siniestro-en-ruta-nacional-n-14\/","title":{"rendered":"VIDEO: Un cami\u00f3n se prendi\u00f3 fuego tras grave siniestro en Ruta Nacional N\u00b0 14"},"content":{"rendered":"\n<p>Un cami\u00f3n con acoplado que transportaba autom\u00f3viles despist\u00f3, cay\u00f3 a la banquina y se prendi\u00f3 fuego en la Ruta Nacional N\u00b0 14.<\/p>\n\n\n\n<p>De acuerdo a los datos preliminares a trav\u00e9s de Radio Mega, bomberos voluntarios de Amado Bompland, Parada Pucheta y Colonia Libertad trabajan en la zona realizando tareas de extinci\u00f3n y control, mientras se eval\u00faan los da\u00f1os ocasionados.<\/p>\n\n\n\n<p>La jefa de Bomberos de Parada Pucheta \u00abreci\u00e9n ubicamos al chofer, fallecido en cabina. Por el momento no podemos confirmar que sea la \u00fanica v\u00edctima. Acaba de llegar el equipo de corte y vamos a intentar abrir el cami\u00f3n, para ver si estaba solo o con su familia\u00bb.<\/p>\n\n\n\n<p>Sobre el siniestro, la jefa indic\u00f3 que \u00ablo que indicaron los testigos es que lo primero que explot\u00f3 fue la cabina, tras el impacto\u00bb.<\/p>\n\n\n\n<p>La ruta permanece parcialmente clausurada mientras contin\u00faan los trabajos.<\/p>\n\n\n\n<figure class=\"wp-block-video\"><video height=\"850\" style=\"aspect-ratio: 478 \/ 850;\" width=\"478\" controls src=\"https:\/\/corrientesdetarde.com\/wp-content\/uploads\/2025\/09\/camion-prendido-fuego-1.mp4\"><\/video><\/figure>\n","protected":false},"excerpt":{"rendered":"<p>Un cami\u00f3n con acoplado que transportaba autom\u00f3viles despist\u00f3, cay\u00f3 a la banquina y se prendi\u00f3 fuego en la Ruta Nacional N\u00b0 14. De acuerdo a los datos preliminares a trav\u00e9s&hellip; <\/p>\n","protected":false},"author":1,"featured_media":226072,"comment_status":"closed","ping_status":"open","sticky":false,"template":"","format":"standard","meta":{"footnotes":""},"categories":[23,1],"tags":[],"class_list":["post-226070","post","type-post","status-publish","format-standard","has-post-thumbnail","hentry","category-actualidad","category-informacion-general"],"_links":{"self":[{"href":"https:\/\/corrientesdetarde.com\/index.php\/wp-json\/wp\/v2\/posts\/226070","targetHints":{"allow":["GET"]}}],"collection":[{"href":"https:\/\/corrientesdetarde.com\/index.php\/wp-json\/wp\/v2\/posts"}],"about":[{"href":"https:\/\/corrientesdetarde.com\/index.php\/wp-json\/wp\/v2\/types\/post"}],"author":[{"embeddable":true,"href":"https:\/\/corrientesdetarde.com\/index.php\/wp-json\/wp\/v2\/users\/1"}],"replies":[{"embeddable":true,"href":"https:\/\/corrientesdetarde.com\/index.php\/wp-json\/wp\/v2\/comments?post=226070"}],"version-history":[{"count":2,"href":"https:\/\/corrientesdetarde.com\/index.php\/wp-json\/wp\/v2\/posts\/226070\/revisions"}],"predecessor-version":[{"id":226074,"href":"https:\/\/corrientesdetarde.com\/index.php\/wp-json\/wp\/v2\/posts\/226070\/revisions\/226074"}],"wp:featuredmedia":[{"embeddable":true,"href":"https:\/\/corrientesdetarde.com\/index.php\/wp-json\/wp\/v2\/media\/226072"}],"wp:attachment":[{"href":"https:\/\/corrientesdetarde.com\/index.php\/wp-json\/wp\/v2\/media?parent=226070"}],"wp:term":[{"taxonomy":"category","embeddable":true,"href":"https:\/\/corrientesdetarde.com\/index.php\/wp-json\/wp\/v2\/categories?post=226070"},{"taxonomy":"post_tag","embeddable":true,"href":"https:\/\/corrientesdetarde.com\/index.php\/wp-json\/wp\/v2\/tags?post=226070"}],"curies":[{"name":"wp","href":"https:\/\/api.w.org\/{rel}","templated":true}]}}